{"id":9983,"date":"2007-03-29T00:00:00","date_gmt":"2007-03-28T22:00:00","guid":{"rendered":"http:\/\/www.bio-based.eu\/news\/index.php?startid=20070329-03n"},"modified":"2007-03-29T00:00:00","modified_gmt":"2007-03-28T22:00:00","slug":"neuer-daemmstoff-aus-hanf-und-mais","status":"publish","type":"post","link":"https:\/\/renewable-carbon.eu\/news\/neuer-daemmstoff-aus-hanf-und-mais\/","title":{"rendered":"Neuer D\u00e4mmstoff aus Hanf und Mais"},"content":{"rendered":"<p><b>Der positive Beitrag von Mais zur Reduzierung der Kohlendioxidemissionen findet immer mehr Beachtung. Dies gilt nicht nur f\u00fcr die Verwendung im Energiesektor, sondern auch f\u00fcr die stoffliche Verwendung zur Herstellung umweltfreundlicher neuartiger Produkte, erkl\u00e4rte das <a href=\"http:\/\/www.maiskomitee.de\/\" >Deutsche Maiskomitee e.V. (DMK)<\/a>. Ein weiteres neues Produkt haben nun Wissenschaftler des <a href=\"http:\/\/www.ict.fraunhofer.de\/\" >Fraunhofer-Instituts f\u00fcr Chemische Technologie (ICT)<\/a> in Pfinztal entwickelt: einen D\u00e4mmstoff aus Hanf und Mais.<\/b><\/p>\n<p>Eine gute W\u00e4rmed\u00e4mmung ist f\u00fcr Hausbesitzer die Voraussetzung, um Energie zu sparen und die Kohlendioxidemissionen zu verringern. Nach wie vor besteht der \u00fcberwiegende Anteil aller D\u00e4mmstoffe jedoch nicht aus umweltfreundlichem Material. Lediglich f\u00fcnf Prozent aller D\u00e4mmstoffe werden aus nachwachsenden Rohstoffen gewonnen.<\/p>\n<p>Bislang \u00fcbliche D\u00e4mmstoffe aus Hanf enthielten St\u00fctzfasern aus Polyester. Darius Primus und seine Forschungsgruppe in Pfinztal haben es in Zusammenarbeit mit vier Partnern geschafft, Polyester zu ersetzen. Aus Mais gewonnene Polymilchs\u00e4urefasern (PLA-Fasern) \u00fcbernehmen nun diese Funktion. Der Anteil dieser Fasern macht insgesamt etwa 10 Prozent des D\u00e4mmstoffes aus.<\/p>\n<p>Der neue D\u00e4mmstoff sei ein reines Naturprodukt, komplett biologisch abbaubar und habe gute bauphysikalische Eigenschaften. Er sei leicht, habe eine geringe W\u00e4rmeleitf\u00e4higkeit und erf\u00fclle dank eines Soda-Bades die Brandschutzanforderungen, erkl\u00e4rt Primus, der Projekt-Koordinator beim ICT. Mit dieser Entwicklung liegt das ICT voll im Trend. <\/p>\n<p>Derzeit laufen in dem bis Sommer terminierten Projekt noch einige Versuche, um beispielsweise die biologische Abbaubarkeit im Hinblick auf industrielle Zwecke zu belegen. Die Zulassung wird in den kommenden Monaten erwartet.<\/p>\n<p>(Vgl. Meldungen vom <a href=\"https:\/\/renewable-carbon.eu\/news\/foerderung-von-naturdaemmstoffen-geht-weiter\/\" >2007-03-21<\/a> und <a href=\"https:\/\/renewable-carbon.eu\/news\/buchtipp-naturdaemmstoffe\/\" >2006-06-06<\/a>.)<\/p>\n","protected":false},"excerpt":{"rendered":"<p><b>Der positive Beitrag von Mais zur Reduzierung der Kohlendioxidemissionen findet immer mehr Beachtung. Dies gilt nicht nur f&uuml;r die Verwendung im Energiesektor, sondern auch f&uuml;r<\/b><\/p>\n","protected":false},"author":3,"featured_media":0,"comment_status":"closed","ping_status":"closed","sticky":false,"template":"","format":"standard","meta":{"_seopress_robots_primary_cat":"","nova_meta_subtitle":"","footnotes":""},"categories":[5572],"tags":[],"supplier":[],"class_list":["post-9983","post","type-post","status-publish","format-standard","hentry","category-bio-based"],"_links":{"self":[{"href":"https:\/\/renewable-carbon.eu\/news\/wp-json\/wp\/v2\/posts\/9983","targetHints":{"allow":["GET"]}}],"collection":[{"href":"https:\/\/renewable-carbon.eu\/news\/wp-json\/wp\/v2\/posts"}],"about":[{"href":"https:\/\/renewable-carbon.eu\/news\/wp-json\/wp\/v2\/types\/post"}],"author":[{"embeddable":true,"href":"https:\/\/renewable-carbon.eu\/news\/wp-json\/wp\/v2\/users\/3"}],"replies":[{"embeddable":true,"href":"https:\/\/renewable-carbon.eu\/news\/wp-json\/wp\/v2\/comments?post=9983"}],"version-history":[{"count":0,"href":"https:\/\/renewable-carbon.eu\/news\/wp-json\/wp\/v2\/posts\/9983\/revisions"}],"wp:attachment":[{"href":"https:\/\/renewable-carbon.eu\/news\/wp-json\/wp\/v2\/media?parent=9983"}],"wp:term":[{"taxonomy":"category","embeddable":true,"href":"https:\/\/renewable-carbon.eu\/news\/wp-json\/wp\/v2\/categories?post=9983"},{"taxonomy":"post_tag","embeddable":true,"href":"https:\/\/renewable-carbon.eu\/news\/wp-json\/wp\/v2\/tags?post=9983"},{"taxonomy":"supplier","embeddable":true,"href":"https:\/\/renewable-carbon.eu\/news\/wp-json\/wp\/v2\/supplier?post=9983"}],"curies":[{"name":"wp","href":"https:\/\/api.w.org\/{rel}","templated":true}]}}