{"id":9982,"date":"2007-03-29T00:00:00","date_gmt":"2007-03-28T22:00:00","guid":{"rendered":"http:\/\/www.bio-based.eu\/news\/index.php?startid=20070329-05n"},"modified":"2007-03-29T00:00:00","modified_gmt":"2007-03-28T22:00:00","slug":"stilllegungsflaechen-duerfen-zur-sturmholzlagerung-genutzt-werden","status":"publish","type":"post","link":"https:\/\/renewable-carbon.eu\/news\/stilllegungsflaechen-duerfen-zur-sturmholzlagerung-genutzt-werden\/","title":{"rendered":"Stilllegungsfl\u00e4chen d\u00fcrfen zur Sturmholzlagerung genutzt werden"},"content":{"rendered":"<p><b>Ab sofort k\u00f6nnen landwirtschaftliche Stilllegungsfl\u00e4chen zur Holzlagerung genutzt werden. Dies teilte jetzt der nieders\u00e4chsische Landwirtschaftsminister Hans-Heinrich Ehlen mit. Die Aufarbeitung des durch den Orkan &#8220;Kyrill&#8221; geworfenen Holzes macht gro\u00dfe Fortschritte. Aufgrund der gro\u00dfen Schadholzmengen reicht vielerorts der im Wald zur Verf\u00fcgung stehende Platz schon nicht mehr aus.<\/b><\/p>\n<p>In diesen F\u00e4llen m\u00fcssen Waldbesitzer dann auf andere geeignete Lagerungsm\u00f6glichkeiten au\u00dferhalb des Waldes zur\u00fcckgreifen und die sind rar. Dar\u00fcber hinaus wird das Holz h\u00e4ufig au\u00dferhalb des Waldes gelagert, um bei einer Massenvermehrung der Borkenk\u00e4fer ein \u00dcbergreifen auf noch stehende B\u00e4ume m\u00f6glichst zu verhindern. Nach Absprache mit den Grundeigent\u00fcmern und den Bewirtschaftern k\u00f6nnen Stilllegungsfl\u00e4chen unter folgenden Bedingungen f\u00fcr die Zwischenlagerung in Anspruch genommen werden:<\/p>\n<ul>\n<li>Die Lagerung ist zwingend erforderlich sowie vor\u00fcbergehend und erfolgt unentgeltlich.<\/li>\n<li>Der Inhaber der Fl\u00e4che beh\u00e4lt die Verf\u00fcgungsgewalt \u00fcber die betroffenen Fl\u00e4chen.<\/li>\n<li>Nach der Holzlagerung werden diese Fl\u00e4chen unverz\u00fcglich in einen guten landwirtschaftlichen und \u00f6kologischen Zustand gebracht, z. B. durch eine (Wieder-) Begr\u00fcnung.<\/li>\n<\/ul>\n<p>Die f\u00fcr die Holzlagerung vorgesehenen Stilllegungsfl\u00e4chen sind den zust\u00e4ndigen Stellen der Landwirtschaftskammer Niedersachsen vorher auf einem Formblatt mitzuteilen (Formular als Download unter <a href=\"http:\/\/www.ml.niedersachsen.de\/\" >www.ml.niedersachsen.de<\/a>).<\/p>\n<p>(Vgl. Meldungen vom <a href=\"https:\/\/renewable-carbon.eu\/news\/expandierender-holzmarkt-kann-sturmholz-aufnehmen\/\" >2007-02-12<\/a> und <a href=\"https:\/\/renewable-carbon.eu\/news\/orkan-kyrill-unklarheit-ueber-umfang-und-folgen-fuer-holzwirtschaft\/\" >2007-01-23<\/a>.)<\/p>\n","protected":false},"excerpt":{"rendered":"<p><b>Ab sofort k&ouml;nnen landwirtschaftliche Stilllegungsfl&auml;chen zur Holzlagerung genutzt werden. Dies teilte jetzt der nieders&auml;chsische Landwirtschaftsminister Hans-Heinrich Ehlen mit. Die Aufarbeitung des durch den Orkan &#8220;Kyrill&#8221;<\/b><\/p>\n","protected":false},"author":3,"featured_media":0,"comment_status":"closed","ping_status":"closed","sticky":false,"template":"","format":"standard","meta":{"_seopress_robots_primary_cat":"","nova_meta_subtitle":"","footnotes":""},"categories":[5572],"tags":[],"supplier":[],"class_list":["post-9982","post","type-post","status-publish","format-standard","hentry","category-bio-based"],"_links":{"self":[{"href":"https:\/\/renewable-carbon.eu\/news\/wp-json\/wp\/v2\/posts\/9982","targetHints":{"allow":["GET"]}}],"collection":[{"href":"https:\/\/renewable-carbon.eu\/news\/wp-json\/wp\/v2\/posts"}],"about":[{"href":"https:\/\/renewable-carbon.eu\/news\/wp-json\/wp\/v2\/types\/post"}],"author":[{"embeddable":true,"href":"https:\/\/renewable-carbon.eu\/news\/wp-json\/wp\/v2\/users\/3"}],"replies":[{"embeddable":true,"href":"https:\/\/renewable-carbon.eu\/news\/wp-json\/wp\/v2\/comments?post=9982"}],"version-history":[{"count":0,"href":"https:\/\/renewable-carbon.eu\/news\/wp-json\/wp\/v2\/posts\/9982\/revisions"}],"wp:attachment":[{"href":"https:\/\/renewable-carbon.eu\/news\/wp-json\/wp\/v2\/media?parent=9982"}],"wp:term":[{"taxonomy":"category","embeddable":true,"href":"https:\/\/renewable-carbon.eu\/news\/wp-json\/wp\/v2\/categories?post=9982"},{"taxonomy":"post_tag","embeddable":true,"href":"https:\/\/renewable-carbon.eu\/news\/wp-json\/wp\/v2\/tags?post=9982"},{"taxonomy":"supplier","embeddable":true,"href":"https:\/\/renewable-carbon.eu\/news\/wp-json\/wp\/v2\/supplier?post=9982"}],"curies":[{"name":"wp","href":"https:\/\/api.w.org\/{rel}","templated":true}]}}