{"id":9978,"date":"2007-03-29T00:00:00","date_gmt":"2007-03-28T22:00:00","guid":{"rendered":"http:\/\/www.bio-based.eu\/news\/index.php?startid=20070329-13n"},"modified":"2007-03-29T00:00:00","modified_gmt":"2007-03-28T22:00:00","slug":"steuerverguenstigung-fuer-waldbesitzer-in-nrw","status":"publish","type":"post","link":"https:\/\/renewable-carbon.eu\/news\/steuerverguenstigung-fuer-waldbesitzer-in-nrw\/","title":{"rendered":"Steuerverg\u00fcnstigung f\u00fcr Waldbesitzer in NRW"},"content":{"rendered":"<p><b>Bei der Regionalkonferenz S\u00fcdwestfalen am 27. M\u00e4rz hat NRW-Landwirtschaftsminister Uhlenberg neben der Aufstockung der Landeshilfen auch eine steuerliche Regelung angek\u00fcndigt, die den vom Orkan betroffenen privaten Waldbesitzern im Land eine gro\u00dfe Hilfe sein kann.<\/b><\/p>\n<p>Der Minister k\u00fcndigte an, dass der Bundesfinanzminister in K\u00fcrze dem Land Nordrhein-Westfalen erlauben werde, den privaten Waldbesitzern die steuerlichen Verg\u00fcnstigungen zukommen zu lassen, die ihnen sonst nur in Folge des Forstsch\u00e4denausgleichsgesetz zukommen w\u00fcrden. Diese Regelung war vom <a href=\"http:\/\/www.waldbauernverband.de\/\" >Waldbauernverband Nordrhein-Westfalen<\/a> und der <a href=\"http:\/\/www.waldbesitzerverbaende.de\/\" >Arbeitsgemeinschaft Deutscher Waldbesitzerverb\u00e4nde<\/a> seit vielen Wochen angeregt worden.<\/p>\n<p>(Vgl. Meldungen vom <a href=\"https:\/\/renewable-carbon.eu\/news\/stilllegungsflaechen-duerfen-zur-sturmholzlagerung-genutzt-werden\/\" >2007-03-29<\/a> und <a href=\"https:\/\/renewable-carbon.eu\/news\/expandierender-holzmarkt-kann-sturmholz-aufnehmen\/\" >2007-02-12<\/a>.)<\/p>\n","protected":false},"excerpt":{"rendered":"<p><b>Bei der Regionalkonferenz S&uuml;dwestfalen am 27. M&auml;rz hat NRW-Landwirtschaftsminister Uhlenberg neben der Aufstockung der Landeshilfen auch eine steuerliche Regelung angek&uuml;ndigt, die den vom Orkan betroffenen<\/b><\/p>\n","protected":false},"author":3,"featured_media":0,"comment_status":"closed","ping_status":"closed","sticky":false,"template":"","format":"standard","meta":{"_seopress_robots_primary_cat":"","nova_meta_subtitle":"","footnotes":""},"categories":[5572],"tags":[],"supplier":[],"class_list":["post-9978","post","type-post","status-publish","format-standard","hentry","category-bio-based"],"_links":{"self":[{"href":"https:\/\/renewable-carbon.eu\/news\/wp-json\/wp\/v2\/posts\/9978","targetHints":{"allow":["GET"]}}],"collection":[{"href":"https:\/\/renewable-carbon.eu\/news\/wp-json\/wp\/v2\/posts"}],"about":[{"href":"https:\/\/renewable-carbon.eu\/news\/wp-json\/wp\/v2\/types\/post"}],"author":[{"embeddable":true,"href":"https:\/\/renewable-carbon.eu\/news\/wp-json\/wp\/v2\/users\/3"}],"replies":[{"embeddable":true,"href":"https:\/\/renewable-carbon.eu\/news\/wp-json\/wp\/v2\/comments?post=9978"}],"version-history":[{"count":0,"href":"https:\/\/renewable-carbon.eu\/news\/wp-json\/wp\/v2\/posts\/9978\/revisions"}],"wp:attachment":[{"href":"https:\/\/renewable-carbon.eu\/news\/wp-json\/wp\/v2\/media?parent=9978"}],"wp:term":[{"taxonomy":"category","embeddable":true,"href":"https:\/\/renewable-carbon.eu\/news\/wp-json\/wp\/v2\/categories?post=9978"},{"taxonomy":"post_tag","embeddable":true,"href":"https:\/\/renewable-carbon.eu\/news\/wp-json\/wp\/v2\/tags?post=9978"},{"taxonomy":"supplier","embeddable":true,"href":"https:\/\/renewable-carbon.eu\/news\/wp-json\/wp\/v2\/supplier?post=9978"}],"curies":[{"name":"wp","href":"https:\/\/api.w.org\/{rel}","templated":true}]}}