{"id":9971,"date":"2007-03-30T00:00:00","date_gmt":"2007-03-29T22:00:00","guid":{"rendered":"http:\/\/www.bio-based.eu\/news\/index.php?startid=20070330-06n"},"modified":"2007-03-30T00:00:00","modified_gmt":"2007-03-29T22:00:00","slug":"kyrill-deutschland-beantragt-eu-hilfe-fuer-orkanschaeden","status":"publish","type":"post","link":"https:\/\/renewable-carbon.eu\/news\/kyrill-deutschland-beantragt-eu-hilfe-fuer-orkanschaeden\/","title":{"rendered":"Kyrill: Deutschland beantragt EU-Hilfe f\u00fcr Orkansch\u00e4den"},"content":{"rendered":"<p><b>Ein Antrag mit Unterschrift des Bundesfinanzministers Steinbr\u00fcck auf Mittelzuweisung aus dem EU-Solidarit\u00e4tsfonds ging am 28. M\u00e4rz nach Br\u00fcssel, wie die <a href=\"http:\/\/www.waldbesitzerverbaende.de\/\" >Arbeitsgemeinschaft Deutscher Waldbesitzerverb\u00e4nde (AGDW)<\/a> mitteilt.<\/b><\/p>\n<p>Damit k\u00f6nnen zwar &#8220;nur&#8221; beh\u00f6rdliche Ma\u00dfnahmen zur Wiederherstellung der Infrastruktur durchgef\u00fchrt werden. Die Bedeutung dieser Hilfe erschlie\u00dft sich aber, wenn man sich klar macht, dass viele Walbesitzer auch Wochen nach dem Sturm \u00fcber die Situation auf ihrer Fl\u00e4che gar nicht Bescheid wussten, weil die Fl\u00e4chen bisher schlicht noch nicht zug\u00e4nglich waren. Forststra\u00dfen m\u00fcssen dringend freigeschnitten und wiederhergestellt werden, damit die Holzernte und \u2013abfuhr vorangetrieben werden kann.<\/p>\n<p>Deutschland hat f\u00fcr diesen Antrag die H\u00f6he der Sch\u00e4den absch\u00e4tzen m\u00fcssen. Mit einem Schadensausma\u00df von fast 4 Mrd. Euro ist die Schwelle von 3,3 Mrd. Euro \u00fcberschritten, die zur Antragstellung in Br\u00fcssel erforderlich war.<\/p>\n<p>(Vgl. Meldungen vom <a href=\"https:\/\/renewable-carbon.eu\/news\/stilllegungsflaechen-duerfen-zur-sturmholzlagerung-genutzt-werden\/\" >2007-03-29<\/a>, <a href=\"https:\/\/renewable-carbon.eu\/news\/expandierender-holzmarkt-kann-sturmholz-aufnehmen\/\" >2007-02-12<\/a> und <a href=\"https:\/\/renewable-carbon.eu\/news\/orkan-kyrill-unklarheit-ueber-umfang-und-folgen-fuer-holzwirtschaft\/\" >2007-01-23<\/a>.)<\/p>\n","protected":false},"excerpt":{"rendered":"<p><b>Ein Antrag mit Unterschrift des Bundesfinanzministers Steinbr&uuml;ck auf Mittelzuweisung aus dem EU-Solidarit&auml;tsfonds ging am 28. M&auml;rz nach Br&uuml;ssel, wie die Arbeitsgemeinschaft Deutscher Waldbesitzerverb&auml;nde (AGDW) mitteilt.<\/b><\/p>\n","protected":false},"author":3,"featured_media":0,"comment_status":"closed","ping_status":"closed","sticky":false,"template":"","format":"standard","meta":{"_seopress_robots_primary_cat":"","nova_meta_subtitle":"","footnotes":""},"categories":[5572],"tags":[],"supplier":[],"class_list":["post-9971","post","type-post","status-publish","format-standard","hentry","category-bio-based"],"_links":{"self":[{"href":"https:\/\/renewable-carbon.eu\/news\/wp-json\/wp\/v2\/posts\/9971","targetHints":{"allow":["GET"]}}],"collection":[{"href":"https:\/\/renewable-carbon.eu\/news\/wp-json\/wp\/v2\/posts"}],"about":[{"href":"https:\/\/renewable-carbon.eu\/news\/wp-json\/wp\/v2\/types\/post"}],"author":[{"embeddable":true,"href":"https:\/\/renewable-carbon.eu\/news\/wp-json\/wp\/v2\/users\/3"}],"replies":[{"embeddable":true,"href":"https:\/\/renewable-carbon.eu\/news\/wp-json\/wp\/v2\/comments?post=9971"}],"version-history":[{"count":0,"href":"https:\/\/renewable-carbon.eu\/news\/wp-json\/wp\/v2\/posts\/9971\/revisions"}],"wp:attachment":[{"href":"https:\/\/renewable-carbon.eu\/news\/wp-json\/wp\/v2\/media?parent=9971"}],"wp:term":[{"taxonomy":"category","embeddable":true,"href":"https:\/\/renewable-carbon.eu\/news\/wp-json\/wp\/v2\/categories?post=9971"},{"taxonomy":"post_tag","embeddable":true,"href":"https:\/\/renewable-carbon.eu\/news\/wp-json\/wp\/v2\/tags?post=9971"},{"taxonomy":"supplier","embeddable":true,"href":"https:\/\/renewable-carbon.eu\/news\/wp-json\/wp\/v2\/supplier?post=9971"}],"curies":[{"name":"wp","href":"https:\/\/api.w.org\/{rel}","templated":true}]}}