{"id":9965,"date":"2007-04-02T00:00:00","date_gmt":"2007-04-01T22:00:00","guid":{"rendered":"http:\/\/www.bio-based.eu\/news\/index.php?startid=20070402-04n"},"modified":"2007-04-02T00:00:00","modified_gmt":"2007-04-01T22:00:00","slug":"umweltverbaende-kritisieren-holzbeschaffungsrichtlinie-der-bundesregierung","status":"publish","type":"post","link":"https:\/\/renewable-carbon.eu\/news\/umweltverbaende-kritisieren-holzbeschaffungsrichtlinie-der-bundesregierung\/","title":{"rendered":"Umweltverb\u00e4nde kritisieren Holzbeschaffungsrichtlinie der Bundesregierung"},"content":{"rendered":"<p><b>Holz f\u00fcr \u00f6ffentliche Geb\u00e4ude in Deutschland muss aus legaler und nachhaltiger Waldwirtschaft stammen. Das besagt ein Erlass vom 28. Januar 2007. Als Nachweis l\u00e4sst die Bundesregierung neben dem <a href=\"http:\/\/www.fsc-deutschland.de\/\" >FSC<\/a>&#8211; auch das <a href=\"http:\/\/www.pefc.de\/\" >PEFC<\/a>-Siegel zu. Nach Meinung von zehn gro\u00dfen Umweltschutzorganisationen unterminiert letzteres die angestrebten  Urwaldschutzziele. Sie kritisieren das PEFC-Siegel als ein &#8220;Pseudo-Zertifikat&#8221; der Forst- und Holzindustrie und haben ein gemeinsames Positionspapier verabschiedet.<\/b><\/p>\n<p>&#8220;Unter dem Dach des PEFC versammeln sich sehr unterschiedliche nationale Zertifizierungssysteme&#8221;, so Greenpeace. Als Beispiele werden genannt: Finnisches PEFC-Holz stamme oft aus den letzten Urwaldgebieten des Landes. An diesen uralten Restw\u00e4ldern hielten die Sami traditionelle Nutzungsrechte und brauchen sie als Winterweiden f\u00fcr ihre Rentiere. Dieses Recht werde jedoch ignoriert. <\/p>\n<p>Das Gleiche gelte f\u00fcr schwedisches PEFC-Holz. Australien verschleiere mit dem Siegel die Zerst\u00f6rung der tasmanischen Urw\u00e4lder. Hinter dem kanadischen Ableger des PEFC st\u00e4nden gro\u00dffl\u00e4chiger Kahlschlag und die Missachtung von traditionellen Rechten der Indianer. Demn\u00e4chst wolle der PEFC auch das malaysische Zertifizierungssystem anerkennen: Ein weiteres Zertifikat, das f\u00fcr die Missachtung indigener Landrechte st\u00e4nde.<\/p>\n<p>Die Umweltverb\u00e4nde fordern, dass die Richtlinie umgehend \u00fcberarbeitet wird. Ein glaubw\u00fcrdiger Erlass m\u00fcsse die \u00f6kologischen und sozialen Mindeststandards des FSC einfordern. Dar\u00fcber hinaus seien Gesetze notwendig, die den Besitz von illegal geschlagenem Holz und den Handel damit unter Strafe stellen. Nur so sei dem zerst\u00f6rerischen Treiben beizukommen.<\/p>\n<p><b>Die folgenden Organisationen haben das gemeinsame Positionspapier unterzeichnet<\/b><\/p>\n<ul>\n<li><a href=\"http:\/\/www.araonline.de\/\" >Arbeitsgemeinschaft Regenwald und Artenschutz<\/a><\/li>\n<li><a href=\"http:\/\/www.bund-naturschutz.de\/\" >Bund Naturschutz Bayern<\/a><\/li>\n<li><a href=\"http:\/\/www.bund.net\/\" >BUND<\/a><\/li>\n<li><a href=\"http:\/\/www.greenpeace.de\/\" >Greenpeace<\/a><\/li>\n<li><a href=\"http:\/\/www.klimabuendnis.org\/\" >Klima-B\u00fcndnis der europ\u00e4ischen St\u00e4dte mit indigenen V\u00f6lkern der Regenw\u00e4lder &#8211; Europ\u00e4ische Gesch\u00e4ftstelle<\/a><\/li>\n<li><a href=\"http:\/\/www.nabu.de\/\" >NABU<\/a><\/li>\n<li><a href=\"http:\/\/www.oejv.de\/\" >\u00d6kologischer Jagdverband (\u00d6JV)<\/a><\/li>\n<li><a href=\"http:\/\/www.robinwood.de\/\" >Robin Wood<\/a><\/li>\n<li><a href=\"http:\/\/www.urgewald.de\/\" >urgewald<\/a><\/li>\n<li><a href=\"http:\/\/www.wwf.de\/\" >WWF Deutschland<\/a><\/li>\n<\/ul>\n<p>Lesen Sie die vollst\u00e4ndige Erkl\u00e4rung <a href=\"https:\/\/renewable-carbon.eu\/news\/wp-content\/uploads\/news-images\/20070402-04\/JointNGO_Position21032007.pdf\" >hier<\/a>.<\/p>\n<p>(Vgl. Meldungen vom <a href=\"https:\/\/renewable-carbon.eu\/news\/deutschen-bahn-auch-pefc-zertifiziertes-holz-darf-beschafft-werden\/\" >2007-02-23<\/a>, <a href=\"https:\/\/renewable-carbon.eu\/news\/bund-ausschliesslich-holz-aus-nachhaltiger-waldwirtschaft\/\" >2007-02-08<\/a> und <a href=\"https:\/\/renewable-carbon.eu\/news\/waldbesitzer-empoert-einkaufs-entscheidung-der-deutschen-bahn-nur-fuer-fsc-produkte\/\" >2006-09-18<\/a>.)<\/p>\n","protected":false},"excerpt":{"rendered":"<p><b>Holz f&uuml;r &ouml;ffentliche Geb&auml;ude in Deutschland muss aus legaler und nachhaltiger Waldwirtschaft stammen. Das besagt ein Erlass vom 28. Januar 2007. Als Nachweis l&auml;sst die<\/b><\/p>\n","protected":false},"author":3,"featured_media":0,"comment_status":"closed","ping_status":"closed","sticky":false,"template":"","format":"standard","meta":{"_seopress_robots_primary_cat":"","nova_meta_subtitle":"","footnotes":""},"categories":[5572],"tags":[],"supplier":[],"class_list":["post-9965","post","type-post","status-publish","format-standard","hentry","category-bio-based"],"_links":{"self":[{"href":"https:\/\/renewable-carbon.eu\/news\/wp-json\/wp\/v2\/posts\/9965","targetHints":{"allow":["GET"]}}],"collection":[{"href":"https:\/\/renewable-carbon.eu\/news\/wp-json\/wp\/v2\/posts"}],"about":[{"href":"https:\/\/renewable-carbon.eu\/news\/wp-json\/wp\/v2\/types\/post"}],"author":[{"embeddable":true,"href":"https:\/\/renewable-carbon.eu\/news\/wp-json\/wp\/v2\/users\/3"}],"replies":[{"embeddable":true,"href":"https:\/\/renewable-carbon.eu\/news\/wp-json\/wp\/v2\/comments?post=9965"}],"version-history":[{"count":0,"href":"https:\/\/renewable-carbon.eu\/news\/wp-json\/wp\/v2\/posts\/9965\/revisions"}],"wp:attachment":[{"href":"https:\/\/renewable-carbon.eu\/news\/wp-json\/wp\/v2\/media?parent=9965"}],"wp:term":[{"taxonomy":"category","embeddable":true,"href":"https:\/\/renewable-carbon.eu\/news\/wp-json\/wp\/v2\/categories?post=9965"},{"taxonomy":"post_tag","embeddable":true,"href":"https:\/\/renewable-carbon.eu\/news\/wp-json\/wp\/v2\/tags?post=9965"},{"taxonomy":"supplier","embeddable":true,"href":"https:\/\/renewable-carbon.eu\/news\/wp-json\/wp\/v2\/supplier?post=9965"}],"curies":[{"name":"wp","href":"https:\/\/api.w.org\/{rel}","templated":true}]}}