{"id":9964,"date":"2007-04-02T00:00:00","date_gmt":"2007-04-01T22:00:00","guid":{"rendered":"http:\/\/www.bio-based.eu\/news\/index.php?startid=20070402-08n"},"modified":"2007-04-02T00:00:00","modified_gmt":"2007-04-01T22:00:00","slug":"schadholzaufkommen-durch-kyrill-nach-oben-korrigierte-zahlen","status":"publish","type":"post","link":"https:\/\/renewable-carbon.eu\/news\/schadholzaufkommen-durch-kyrill-nach-oben-korrigierte-zahlen\/","title":{"rendered":"Schadholzaufkommen durch &#8220;Kyrill&#8221;: Nach oben korrigierte Zahlen"},"content":{"rendered":"<p><b>Vom 18. auf den 19. Januar 2007 fegte Orkan Kyrill \u00fcber Europa hinweg. Im Zuge der Aufarbeitung des Sturmholzes wird das Ausma\u00df der Sch\u00e4den immer deutlicher. Teilweise mussten die Zahlen des angefallenen Schadholzes nach oben korrigiert werden.<\/b><\/p>\n<p>Der <a href=\"http:\/\/www.haf.de\/\" >Holzabsatzfonds<\/a>, Bonn, hat seine Anfang Februar herausgegebenen Zahlen und Hintergrundinformationen in diesem Sinne \u00fcberarbeitet. Auch die illustrierende Grafik ist den neuesten Werten angepasst worden.<br \/><img SRC=\"https:\/\/renewable-carbon.eu\/news\/wp-content\/uploads\/news-images\/20070402-08\/kyrill_hp1.jpg\" align=\"left\" style=\"margin-right:10px;\" BORDER=\"0\" ALT=\"kyrill_hp1.jpg\"\/><br style=\"clear:left;\"\/><br \/>Die Grafik in h\u00f6herer Aufl\u00f6sung finden Sie <a href=\"https:\/\/renewable-carbon.eu\/news\/wp-content\/uploads\/news-images\/20070402-08\/kyrill.jpg\" >hier<\/a>; detailierte, statistische Informationen sind bei <a href=\"http:\/\/www.infoholz.de\/html\/f_page.phtml?p1=1175472256a281416044&#038;p3=42816\" >www.infoholz.de<\/a> verf\u00fcgbar.<\/p>\n<p>(Vgl. Meldungen vom <a href=\"https:\/\/renewable-carbon.eu\/news\/kyrill-deutschland-beantragt-eu-hilfe-fuer-orkanschaeden\/\" >2007-03-30<\/a> und <a href=\"https:\/\/renewable-carbon.eu\/news\/expandierender-holzmarkt-kann-sturmholz-aufnehmen\/\" >2007-02-12<\/a>.)<\/p>\n","protected":false},"excerpt":{"rendered":"<p><b>Vom 18. auf den 19. Januar 2007 fegte Orkan Kyrill &uuml;ber Europa hinweg. Im Zuge der Aufarbeitung des Sturmholzes wird das Ausma&szlig; der Sch&auml;den immer<\/b><\/p>\n","protected":false},"author":3,"featured_media":0,"comment_status":"closed","ping_status":"closed","sticky":false,"template":"","format":"standard","meta":{"_seopress_robots_primary_cat":"","nova_meta_subtitle":"","footnotes":""},"categories":[5572],"tags":[],"supplier":[],"class_list":["post-9964","post","type-post","status-publish","format-standard","hentry","category-bio-based"],"_links":{"self":[{"href":"https:\/\/renewable-carbon.eu\/news\/wp-json\/wp\/v2\/posts\/9964","targetHints":{"allow":["GET"]}}],"collection":[{"href":"https:\/\/renewable-carbon.eu\/news\/wp-json\/wp\/v2\/posts"}],"about":[{"href":"https:\/\/renewable-carbon.eu\/news\/wp-json\/wp\/v2\/types\/post"}],"author":[{"embeddable":true,"href":"https:\/\/renewable-carbon.eu\/news\/wp-json\/wp\/v2\/users\/3"}],"replies":[{"embeddable":true,"href":"https:\/\/renewable-carbon.eu\/news\/wp-json\/wp\/v2\/comments?post=9964"}],"version-history":[{"count":0,"href":"https:\/\/renewable-carbon.eu\/news\/wp-json\/wp\/v2\/posts\/9964\/revisions"}],"wp:attachment":[{"href":"https:\/\/renewable-carbon.eu\/news\/wp-json\/wp\/v2\/media?parent=9964"}],"wp:term":[{"taxonomy":"category","embeddable":true,"href":"https:\/\/renewable-carbon.eu\/news\/wp-json\/wp\/v2\/categories?post=9964"},{"taxonomy":"post_tag","embeddable":true,"href":"https:\/\/renewable-carbon.eu\/news\/wp-json\/wp\/v2\/tags?post=9964"},{"taxonomy":"supplier","embeddable":true,"href":"https:\/\/renewable-carbon.eu\/news\/wp-json\/wp\/v2\/supplier?post=9964"}],"curies":[{"name":"wp","href":"https:\/\/api.w.org\/{rel}","templated":true}]}}