{"id":9943,"date":"2007-04-11T00:00:00","date_gmt":"2007-04-10T22:00:00","guid":{"rendered":"http:\/\/www.bio-based.eu\/news\/index.php?startid=20070411-07n"},"modified":"2007-04-11T00:00:00","modified_gmt":"2007-04-10T22:00:00","slug":"energie-aus-biomasse","status":"publish","type":"post","link":"https:\/\/renewable-carbon.eu\/news\/energie-aus-biomasse\/","title":{"rendered":"Energie aus Biomasse"},"content":{"rendered":"<p><b>Die Bedeutung erneuerbarer Energietr\u00e4ger w\u00e4chst derzeit sehr schnell. Weltweit wird dieses Wachstum durch den Energiepreisanstieg getrieben, hinzu kommt eine mehr oder weniger starke F\u00f6rderung dieses Wirtschaftszweiges durch die Politik. Deutschland z\u00e4hlt zu den L\u00e4ndern, die sich in diesem Politikfeld besonders engagieren. Zwar liegt der Anteil der Energie, die aus Biomasse gewonnen wird, am gesamten Prim\u00e4renergieverbrauch auch in Deutschland nur bei rund 3 Prozent, doch die j\u00e4hrlichen Zuwachsraten sind beachtlich.<\/b><\/p>\n<p>Der Dachverband Agrarforschung e.V. (<a href=\"http:\/\/daf.zadi.de\/\" >DAF<\/a>), das Kuratorium f\u00fcr Technik und Bauwesen in der Landwirtschaft e.V. (<a href=\"http:\/\/www.ktbl.de\/\" >KTBL<\/a>) und die Fachagentur Nachwachsende Rohstoffe e.V. (<a href=\"http:\/\/www.fnr.de\/\" >FNR<\/a>) wollten diesen Fragenkomplex in der gemeinsamen wissenschaftlichen Tagung &#8220;Energie aus Biomasse \u2013 weltwirtschaftliche, ressourcen\u00f6konomische und produktionstechnische Perspektiven&#8221; (25.\/26. Oktober 2006) aufgreifen und zur Diskussion stellen. Ein wichtiges Ziel war dabei, die Sichtweisen unterschiedlicher Forschungsdisziplinen zusammenzuf\u00fchren und dadurch F\u00fchrung f\u00fcr die weitere Ausrichtung der Arbeiten zu geben.<\/p>\n<p>Die Ergebnisse dieser Tagung sind nun in einem gemeinsamen Tagungsband ver\u00f6ffentlicht werden. Ab sofort kann dieser unter <a href=\"http:\/\/www.dlg-verlag.de\/\" >www.DLG-Verlag.de<\/a> kostenpflichtig bestellt werden. Die einzelnen Vortr\u00e4ge und das Tagungsprogramm finden Sie <a href=\"http:\/\/daf.zadi.de\/tagung_biomasse.html\" >hier<\/a> auf den Seiten des DAF.<\/p>\n<p>(Vgl. Meldungen vom <a href=\"https:\/\/renewable-carbon.eu\/news\/bund-biomasse-kein-klima-allheilmittel\/\" >2007-04-11<\/a> und <a href=\"https:\/\/renewable-carbon.eu\/news\/nova-berblick-forum-new-power-ausgabe-022007-erschienen\/\" >2007-04-10<\/a>.)<\/p>\n","protected":false},"excerpt":{"rendered":"<p><b>Die Bedeutung erneuerbarer Energietr&auml;ger w&auml;chst derzeit sehr schnell. Weltweit wird dieses Wachstum durch den Energiepreisanstieg getrieben, hinzu kommt eine mehr oder weniger starke F&ouml;rderung dieses<\/b><\/p>\n","protected":false},"author":3,"featured_media":0,"comment_status":"closed","ping_status":"closed","sticky":false,"template":"","format":"standard","meta":{"_seopress_robots_primary_cat":"","nova_meta_subtitle":"","footnotes":""},"categories":[5572],"tags":[],"supplier":[],"class_list":["post-9943","post","type-post","status-publish","format-standard","hentry","category-bio-based"],"_links":{"self":[{"href":"https:\/\/renewable-carbon.eu\/news\/wp-json\/wp\/v2\/posts\/9943","targetHints":{"allow":["GET"]}}],"collection":[{"href":"https:\/\/renewable-carbon.eu\/news\/wp-json\/wp\/v2\/posts"}],"about":[{"href":"https:\/\/renewable-carbon.eu\/news\/wp-json\/wp\/v2\/types\/post"}],"author":[{"embeddable":true,"href":"https:\/\/renewable-carbon.eu\/news\/wp-json\/wp\/v2\/users\/3"}],"replies":[{"embeddable":true,"href":"https:\/\/renewable-carbon.eu\/news\/wp-json\/wp\/v2\/comments?post=9943"}],"version-history":[{"count":0,"href":"https:\/\/renewable-carbon.eu\/news\/wp-json\/wp\/v2\/posts\/9943\/revisions"}],"wp:attachment":[{"href":"https:\/\/renewable-carbon.eu\/news\/wp-json\/wp\/v2\/media?parent=9943"}],"wp:term":[{"taxonomy":"category","embeddable":true,"href":"https:\/\/renewable-carbon.eu\/news\/wp-json\/wp\/v2\/categories?post=9943"},{"taxonomy":"post_tag","embeddable":true,"href":"https:\/\/renewable-carbon.eu\/news\/wp-json\/wp\/v2\/tags?post=9943"},{"taxonomy":"supplier","embeddable":true,"href":"https:\/\/renewable-carbon.eu\/news\/wp-json\/wp\/v2\/supplier?post=9943"}],"curies":[{"name":"wp","href":"https:\/\/api.w.org\/{rel}","templated":true}]}}