{"id":9917,"date":"2007-04-24T00:00:00","date_gmt":"2007-04-23T22:00:00","guid":{"rendered":"http:\/\/www.bio-based.eu\/news\/index.php?startid=20070424-08n"},"modified":"2007-04-24T00:00:00","modified_gmt":"2007-04-23T22:00:00","slug":"tag-des-baumes-die-kiefer","status":"publish","type":"post","link":"https:\/\/renewable-carbon.eu\/news\/tag-des-baumes-die-kiefer\/","title":{"rendered":"Tag des Baumes:  Die Kiefer"},"content":{"rendered":"<p><b>Die Arbeitsgemeinschaft Deutscher Waldbesitzerverb\u00e4nde e.V. (<a href=\"http:\/\/www.waldbesitzerverbaende.de\/\" >AGDW<\/a>) bringt am Tag des Baumes (25. April) die Wald-Kiefer (Gemeine Kiefer \u2013 Pinus sylvestris) als <a href=\"http:\/\/www.baum-des-jahres.de\/\" >Baum des Jahres 2007<\/a> in den Blickpunkt der \u00d6ffentlichkeit. Die Wald-Kiefer vereint in idealer Weise alle Vorz\u00fcge, die Wirtschaft und Gesellschaft vom Wald und Holz erwarten, sie ist ein echtes Multitalent: Als Pflanze widerstands- und anpassungsf\u00e4hig, gen\u00fcgsam und leistungsstark. Als Werkstoff vielf\u00e4ltig einsetzbar.<\/b><\/p>\n<p>Die AGDW begr\u00fcndet: &#8220;Mit der Wald-Kiefer wird keine seltene oder bedrohte Baumart gew\u00fcrdigt. Als zweith\u00e4ufigste Baumart in den deutschen W\u00e4ldern (23% Anteil an der Waldfl\u00e4che nach der Fichte mit 28%) ist sie die wirtschaftliche Grundlage vieler Forstbetriebe \u2013 insbesondere in der norddeutschen Tiefebene und in den Neuen Bundesl\u00e4ndern.<\/p>\n<p>Dass ihr Holz oftmals als minderwertig im Vergleich zu dem der Fichte geschm\u00e4ht wird, ist nicht gerechtfertigt. Der damit verbundene Preisabschlag f\u00fcr Kiefernholz im Verh\u00e4ltnis zu Fichtenholz ist schmerzlich. Es zeichnet sich erst jetzt eine h\u00f6here Beachtung und Wertsch\u00f6pfung der Kiefer mit einer damit verbundenen Preissteigerung ab.&#8221;<\/p>\n<p>Der AGDW regt eine Diskussion an, ob die Kiefer vielleicht DIE Baumart der Zukunft sein k\u00f6nnte: &#8220;Der langfristige Erhalt der mit hohem finanziellen Aufwand in den letzten Jahrzehnten geschaffenen Mischw\u00e4ldern mit einem hohen Anteil an Buche und anderen Laubbaumarten, ist m\u00f6glicherweise durch die Klimaerw\u00e4rmung in Frage gestellt. Deshalb ist heute ehrlich zu pr\u00fcfen, ob die Buche wirklich \u00fcberall mit Erfolg zu dem angestrebten \u00f6kologischen Waldumbau beitragen kann. Ist es nicht vielmehr die Kiefer, die als trockenresistente Baumart auf Dauer die Best\u00e4nde pr\u00e4gen k\u00f6nnte?&#8221; Aber auch diese Medaille hat eine Kehrseite: Trockene, hei\u00dfe Sommer f\u00fchren in Kiefernw\u00e4ldern zu einer besonders hohen Waldbrandgefahr.<\/p>\n<p><b>Historische Nutzung: Von Maulaffen und Schmiergeldern<\/b><br \/>Das <a href=\"http:\/\/www.gruenes-presseportal.de\/\" >Gr\u00fcne Presseportal<\/a> berichtet von der historischen Bedeutung der Kiefern: &#8220;Kiensp\u00e4ne waren die Vorl\u00e4ufer der (Taschen-)Lampe. Kerzen, fr\u00fcher nur aus Bienenwachs herstellbar, waren f\u00fcr die arme Bev\u00f6lkerung viel zu teuer. Man schnitt sich lange, fingerdicke Kiefernsp\u00e4ne, die man an einem Ende ansteckte und mit dem anderen im Mund trug \u2013 die H\u00e4nde ben\u00f6tigte man schlie\u00dflich zur Arbeit. Irgendwann baute man feste St\u00e4nder f\u00fcr diese Kiensp\u00e4ne, die dem offenen Mund nachgebildet waren und als &#8220;Maulaffen&#8221; (Maul offen) verkauft wurden. Erst viel sp\u00e4ter wurden dann auch Leute, die mit aufgerissenem Mund ungeniert gafften, als &#8220;Maulaffen&#8221; bezeichnet.<\/p>\n<p>&#8220;Voll auf dem Kien&#8221; mussten die Teerkocher sein, die f\u00fcr Schiffe das Dichtmaterial, das &#8220;Pech&#8221;, herstellten. Die mittelalterliche Handelsgro\u00dfmacht &#8220;Hanse&#8221; mit ihren Koggen w\u00e4re ohne dieses aus der Kiefer gewonnene Material nicht denkbar gewesen. Passten die Teerkocher einmal nicht auf und lie\u00dfen zu viel Sauerstoff an das schwelende, harzreiche Kiefernholz, aus dem sie in vier bis f\u00fcnf Tagen den Teer destillierten, brannte ihnen das wertvolle Produkt ab und all\u2019 die vorherige Arbeit war umsonst. Dieser Teer wurde zusammen mit Fett zu Wagenschmiere f\u00fcr die Kutschen der Fuhrleute. Musste man Waren schneller liefern, bekamen diese Fuhrleute ein Extra-Sal\u00e4r, das &#8220;Schmiergeld&#8221; \u2013 auch heute noch weit verbreitet, um Gesch\u00e4fte schneller zum Abschluss zu bringen, wenn auch nicht mehr f\u00fcr die Wagenschmiere.&#8221;<\/p>\n<p>(Vgl. Meldung vom <a href=\"https:\/\/renewable-carbon.eu\/news\/waldkiefer-ist-baum-des-jahres-2007\/\" >2006-10-24<\/a>.)<\/p>\n","protected":false},"excerpt":{"rendered":"<p><b>Die Arbeitsgemeinschaft Deutscher Waldbesitzerverb&auml;nde e.V. (AGDW) bringt am Tag des Baumes (25. April) die Wald-Kiefer (Gemeine Kiefer &ndash; Pinus sylvestris) als Baum des Jahres 2007<\/b><\/p>\n","protected":false},"author":3,"featured_media":0,"comment_status":"closed","ping_status":"closed","sticky":false,"template":"","format":"standard","meta":{"_seopress_robots_primary_cat":"","nova_meta_subtitle":"","footnotes":""},"categories":[5572],"tags":[],"supplier":[],"class_list":["post-9917","post","type-post","status-publish","format-standard","hentry","category-bio-based"],"_links":{"self":[{"href":"https:\/\/renewable-carbon.eu\/news\/wp-json\/wp\/v2\/posts\/9917","targetHints":{"allow":["GET"]}}],"collection":[{"href":"https:\/\/renewable-carbon.eu\/news\/wp-json\/wp\/v2\/posts"}],"about":[{"href":"https:\/\/renewable-carbon.eu\/news\/wp-json\/wp\/v2\/types\/post"}],"author":[{"embeddable":true,"href":"https:\/\/renewable-carbon.eu\/news\/wp-json\/wp\/v2\/users\/3"}],"replies":[{"embeddable":true,"href":"https:\/\/renewable-carbon.eu\/news\/wp-json\/wp\/v2\/comments?post=9917"}],"version-history":[{"count":0,"href":"https:\/\/renewable-carbon.eu\/news\/wp-json\/wp\/v2\/posts\/9917\/revisions"}],"wp:attachment":[{"href":"https:\/\/renewable-carbon.eu\/news\/wp-json\/wp\/v2\/media?parent=9917"}],"wp:term":[{"taxonomy":"category","embeddable":true,"href":"https:\/\/renewable-carbon.eu\/news\/wp-json\/wp\/v2\/categories?post=9917"},{"taxonomy":"post_tag","embeddable":true,"href":"https:\/\/renewable-carbon.eu\/news\/wp-json\/wp\/v2\/tags?post=9917"},{"taxonomy":"supplier","embeddable":true,"href":"https:\/\/renewable-carbon.eu\/news\/wp-json\/wp\/v2\/supplier?post=9917"}],"curies":[{"name":"wp","href":"https:\/\/api.w.org\/{rel}","templated":true}]}}