{"id":9889,"date":"2007-02-15T00:00:00","date_gmt":"2007-02-14T22:00:00","guid":{"rendered":"http:\/\/www.bio-based.eu\/news\/index.php?startid=20070215-03n"},"modified":"2007-02-15T00:00:00","modified_gmt":"2007-02-14T22:00:00","slug":"frankreich-mehr-weizen-fuer-bioethanol","status":"publish","type":"post","link":"https:\/\/renewable-carbon.eu\/news\/frankreich-mehr-weizen-fuer-bioethanol\/","title":{"rendered":"Frankreich: Mehr Weizen f\u00fcr Bioethanol"},"content":{"rendered":"<p><b>In Frankreich steigt der Verbrauch von Weizen zur Bioethanolherstellung. Das franz\u00f6sische Getreideamt <a href=\"http:\/\/www.onigc.fr\/\" >Onigc<\/a> sch\u00e4tzt jetzt, dass es 2006\/07 mit 250.000 t etwa doppelt so viel Weizen sein wird wie im Vorjahr.<\/b><\/p>\n<p>Aktuell erh\u00f6ht der f\u00fcr den 1. April geplante Start einer neuen Bioethanolanlage in Lillebonne im Departement Seine-Maritime den gesch\u00e4tzten Verbrauch in Frankreich. Dort investiert der gr\u00f6\u00dfte franz\u00f6sische Zuckerkonzern <a href=\"http:\/\/www.tereos.com\/\" >Tereos<\/a> in eine Anlage, welche mittelfristig j\u00e4hrlich rund 1 Mio. t Weizen verarbeiten soll. In der Anlaufphase bis zum Sommer 2007 werden vermutlich 50.000 t Weizen in Lillebonne gebraucht, sch\u00e4tzt die Onigc. <\/p>\n<p>(Vgl. Meldung vom <a href=\"https:\/\/renewable-carbon.eu\/news\/bioethanol-auch-frankreich-setzt-auf-e85\/\" >2007-01-03<\/a>.)<\/p>\n","protected":false},"excerpt":{"rendered":"<p><b>In Frankreich steigt der Verbrauch von Weizen zur Bioethanolherstellung. Das franz&ouml;sische Getreideamt Onigc sch&auml;tzt jetzt, dass es 2006\/07 mit 250.000 t etwa doppelt so viel<\/b><\/p>\n","protected":false},"author":3,"featured_media":0,"comment_status":"closed","ping_status":"closed","sticky":false,"template":"","format":"standard","meta":{"_seopress_robots_primary_cat":"","nova_meta_subtitle":"","footnotes":""},"categories":[5572],"tags":[],"supplier":[],"class_list":["post-9889","post","type-post","status-publish","format-standard","hentry","category-bio-based"],"_links":{"self":[{"href":"https:\/\/renewable-carbon.eu\/news\/wp-json\/wp\/v2\/posts\/9889","targetHints":{"allow":["GET"]}}],"collection":[{"href":"https:\/\/renewable-carbon.eu\/news\/wp-json\/wp\/v2\/posts"}],"about":[{"href":"https:\/\/renewable-carbon.eu\/news\/wp-json\/wp\/v2\/types\/post"}],"author":[{"embeddable":true,"href":"https:\/\/renewable-carbon.eu\/news\/wp-json\/wp\/v2\/users\/3"}],"replies":[{"embeddable":true,"href":"https:\/\/renewable-carbon.eu\/news\/wp-json\/wp\/v2\/comments?post=9889"}],"version-history":[{"count":0,"href":"https:\/\/renewable-carbon.eu\/news\/wp-json\/wp\/v2\/posts\/9889\/revisions"}],"wp:attachment":[{"href":"https:\/\/renewable-carbon.eu\/news\/wp-json\/wp\/v2\/media?parent=9889"}],"wp:term":[{"taxonomy":"category","embeddable":true,"href":"https:\/\/renewable-carbon.eu\/news\/wp-json\/wp\/v2\/categories?post=9889"},{"taxonomy":"post_tag","embeddable":true,"href":"https:\/\/renewable-carbon.eu\/news\/wp-json\/wp\/v2\/tags?post=9889"},{"taxonomy":"supplier","embeddable":true,"href":"https:\/\/renewable-carbon.eu\/news\/wp-json\/wp\/v2\/supplier?post=9889"}],"curies":[{"name":"wp","href":"https:\/\/api.w.org\/{rel}","templated":true}]}}