{"id":9871,"date":"2007-02-23T00:00:00","date_gmt":"2007-02-22T22:00:00","guid":{"rendered":"http:\/\/www.bio-based.eu\/news\/index.php?startid=20070223-02n"},"modified":"2007-02-23T00:00:00","modified_gmt":"2007-02-22T22:00:00","slug":"start-des-agrarinvestitionsfoerderungsprogramms-2007-2013","status":"publish","type":"post","link":"https:\/\/renewable-carbon.eu\/news\/start-des-agrarinvestitionsfoerderungsprogramms-2007-2013\/","title":{"rendered":"Start des Agrarinvestitionsf\u00f6rderungsprogramms 2007-2013"},"content":{"rendered":"<p><b>Die VO (EWG) Nr. 1698\/2005 des Rates vom 20.09.2005 zur F\u00f6rderung der Entwicklung des l\u00e4ndlichen Raumes durch den Europ\u00e4ischen Landwirtschaftsfond f\u00fcr die Entwicklung der l\u00e4ndlichen R\u00e4ume \u2013 ELER &#8211; ist Grundlage der neuen, ab 2007 geltenden, z. Zt. noch vorl\u00e4ufigen Richtlinie \u00fcber die Gew\u00e4hrung von Zuwendungen f\u00fcr investive Ma\u00dfnahmen landwirtschaftlicher Unternehmen in Niedersachsen und Bremen (Agrarinvestitionsf\u00f6rderungsprogramm). Das Antragsverfahren des Agrarinvestitionsprogramms -AFP 2007- beginnt am 8. M\u00e4rz 2007.<\/b><\/p>\n<p>Ab diesem Termin k\u00f6nnen Antragsteller ihren AFP-Antrag bei den f\u00fcr sie \u00f6rtlich zust\u00e4ndigen Dienststellen einreichen. N\u00e4here Informationen zu den Antragsbedingungen k\u00f6nnen im Artikel Agrarinvestitionsf\u00f6rderungsprogramm 2007 bis 2013 vom 24.01.2007 nachgelesen werden. Die Antragsformulare und die notwendigen Anlagen befinden sich auf der Seite der <a href=\"http:\/\/www.lwk-niedersachsen.de\/index.cfm\/portal\/foerderung\/nav\/298\/article\/8223.html\" >Landwirtschaftskammer Niedersachsen<\/a>.<\/p>\n<p><b>Ziel des Agrarinvestitionsf\u00f6rderungsprogramms<\/b><br \/>Zielsetzung des Agrarinvestitionsf\u00f6rderungsprogramms ist es die Wettbewerbsf\u00e4higkeit der landwirtschaftlichen Unternehmen zu erh\u00f6hen. Unter dieser generellen Zielsetzung sind f\u00f6rderf\u00e4hig:<\/p>\n<ul>\n<li>Investitionen in langlebige, bauliche oder technische Wirtschaftsg\u00fcter wie z. B. Lagerhallen und Stallgeb\u00e4ude, Melk-, F\u00fctterungs- oder Klimatechnik usw.<\/li>\n<li>Maschinen der Innenwirtschaft, Architektur- und Ingenieurleistungen, die Erstellung des Investitionskonzeptes sowie unter bestimmten Voraussetzungen auch der Landkauf<\/li>\n<\/ul>\n<p>Nicht gef\u00f6rdert werden:<\/p>\n<ul>\n<li>laufende Betriebsausgaben, Ersatzbeschaffungen, die Abl\u00f6sung von Verbindlichkeiten, Erbabfindungen, Finanzierungskosten, Beratungskosten oder beh\u00f6rdliche Geb\u00fchren, die Umsatzsteuer oder unbare Eigenleistungen<\/li>\n<li>Kapazit\u00e4tserweiterungen im Bereich der Schweinemast, der Gefl\u00fcgelmast und der Kleingruppenhaltung von Legehennen<\/li>\n<li>Im Bereich der Milchviehhaltung sind Investitionen nur im Rahmen der bei Abrechnung der F\u00f6rderma\u00dfnahme (Zieljahr) vorhandenen Referenzmenge m\u00f6glich<\/li>\n<\/ul>\n<p><b>Kontakt<\/b><br \/>Angela K\u00fcnnemann<br \/>Agrarinvestitionsf\u00f6rderung<br \/>Telefon: 0441 801-330<br \/>Telefax: 0441 801-205<\/p>\n","protected":false},"excerpt":{"rendered":"<p><b>Die VO (EWG) Nr. 1698\/2005 des Rates vom 20.09.2005 zur F&ouml;rderung der Entwicklung des l&auml;ndlichen Raumes durch den Europ&auml;ischen Landwirtschaftsfond f&uuml;r die Entwicklung der l&auml;ndlichen<\/b><\/p>\n","protected":false},"author":3,"featured_media":0,"comment_status":"closed","ping_status":"closed","sticky":false,"template":"","format":"standard","meta":{"_seopress_robots_primary_cat":"","nova_meta_subtitle":"","footnotes":""},"categories":[5572],"tags":[],"supplier":[],"class_list":["post-9871","post","type-post","status-publish","format-standard","hentry","category-bio-based"],"_links":{"self":[{"href":"https:\/\/renewable-carbon.eu\/news\/wp-json\/wp\/v2\/posts\/9871","targetHints":{"allow":["GET"]}}],"collection":[{"href":"https:\/\/renewable-carbon.eu\/news\/wp-json\/wp\/v2\/posts"}],"about":[{"href":"https:\/\/renewable-carbon.eu\/news\/wp-json\/wp\/v2\/types\/post"}],"author":[{"embeddable":true,"href":"https:\/\/renewable-carbon.eu\/news\/wp-json\/wp\/v2\/users\/3"}],"replies":[{"embeddable":true,"href":"https:\/\/renewable-carbon.eu\/news\/wp-json\/wp\/v2\/comments?post=9871"}],"version-history":[{"count":0,"href":"https:\/\/renewable-carbon.eu\/news\/wp-json\/wp\/v2\/posts\/9871\/revisions"}],"wp:attachment":[{"href":"https:\/\/renewable-carbon.eu\/news\/wp-json\/wp\/v2\/media?parent=9871"}],"wp:term":[{"taxonomy":"category","embeddable":true,"href":"https:\/\/renewable-carbon.eu\/news\/wp-json\/wp\/v2\/categories?post=9871"},{"taxonomy":"post_tag","embeddable":true,"href":"https:\/\/renewable-carbon.eu\/news\/wp-json\/wp\/v2\/tags?post=9871"},{"taxonomy":"supplier","embeddable":true,"href":"https:\/\/renewable-carbon.eu\/news\/wp-json\/wp\/v2\/supplier?post=9871"}],"curies":[{"name":"wp","href":"https:\/\/api.w.org\/{rel}","templated":true}]}}