{"id":9843,"date":"2007-03-07T00:00:00","date_gmt":"2007-03-06T22:00:00","guid":{"rendered":"http:\/\/www.bio-based.eu\/news\/index.php?startid=20070307-07n"},"modified":"2007-03-07T00:00:00","modified_gmt":"2007-03-06T22:00:00","slug":"baden-wuerrtemberg-brennholzboom-absatz-hat-sich-verdreifacht","status":"publish","type":"post","link":"https:\/\/renewable-carbon.eu\/news\/baden-wuerrtemberg-brennholzboom-absatz-hat-sich-verdreifacht\/","title":{"rendered":"Baden-W\u00fcrrtemberg: Brennholzboom &#8211; Absatz hat sich verdreifacht"},"content":{"rendered":"<p><b>&#8220;Durch die stark gestiegenen Preise f\u00fcr fossile Energietr\u00e4ger hat sich die Nachfrage nach Brennholz enorm entwickelt. So wurden 2006 knapp 500.000 Kubikmeter Brennholz aus dem \u00f6ffentlichen Wald verkauft. Das ist mehr als das dreifache wie vor zehn Jahren. Rechnet man das Brennholz aus dem Privatwald und das schw\u00e4chere Holz der \u00c4ste und Baumkronen hinzu, das von den Brennholzk\u00e4ufern selbst aufgearbeitet wird, werden in Baden-W\u00fcrttemberg j\u00e4hrlich rund eine Million Kubikmeter Brennholz aus dem Wald verkauft.<\/b> <\/p>\n<p>Das entspricht einer Menge von 40.000 LKW-Ladungen&#8221;. Dies erkl\u00e4rte der Minister f\u00fcr Ern\u00e4hrung und L\u00e4ndlichen Raum, Peter Hauk MdL, heute (12. Februar) bei einem Besuch des forstlichen Hauptst\u00fctzpunktes Schwarzach im Neckar-Odenwald Kreis.<\/p>\n<p>Der Minister wies darauf hin, dass es bei der Aufarbeitung von Brennholz durch Unge\u00fcbte immer wieder zu teilweise schweren Unf\u00e4llen komme. Deshalb habe die Landesforstverwaltung zur Schaffung eines m\u00f6glichst hohen Sicherheitsstandards bei der Brennholzselbstwerbung die grunds\u00e4tzliche Teilnahme an einem Motors\u00e4gen-Grundlehrgang vorgeschrieben. Ausnahmen seien nur bei Brennholzselbstwerbern mit langj\u00e4hriger Erfahrung im Umgang mit der Motors\u00e4ge m\u00f6glich.<\/p>\n<p>Im vergangenen Jahr seien an den Hauptst\u00fctzpunkten und St\u00fctzpunkten der Landesforstverwaltung \u00fcber 8.000 Teilnehmer in einem Motors\u00e4gen-Grundlehrgang geschult worden. Weitere Kurse w\u00fcrden von den unteren Forstbeh\u00f6rden, der Landwirtschaftlichen Berufsgenossenschaft und von qualifizierten Privatpersonen angeboten.<\/p>\n<p>Der Hauptst\u00fctzpunkt der Forstbetriebsleitung Schwarzach geh\u00f6rt zu den gr\u00f6\u00dften forstlichen Aus- und Fortbildungseinrichtungen im Land. Sein Zust\u00e4ndigkeitsbereich umfasst acht Stadt- und Landkreise in Nordbaden. Lehrg\u00e4nge f\u00fcr Mitarbeiter der Forstverwaltungen geh\u00f6ren ebenso zum Programm, wie die Berufsausbildung zum Forstwirt oder die Entwicklung von neuen Arbeitsverfahren.<\/p>\n<p>Einer der Schwerpunkte der T\u00e4tigkeit der letzten beiden Jahre waren jedoch die Motors\u00e4genlehrg\u00e4nge f\u00fcr Privatwaldbesitzer, Feuerwehrleute, Stra\u00dfenmeister oder Brennholzselbstwerber. Forstwirtschaftsmeister unterrichten dabei professionelle Techniken in der gefahrlosen Holzf\u00e4llung und Holzaufarbeitung mit der Motors\u00e4ge. Auf Grund der hohen Nachfrage sollen die Teilnehmerzahlen im laufenden Jahr auf rund 1.000 gesteigert werden. <\/p>\n<p>&#8220;Der Andrang zu den Lehrg\u00e4ngen ist riesig. Wir haben bereits eine Warteliste f\u00fcr 2008&#8221;, so Bernhard Kn\u00f6rzer, der technische Leiter dieser Einrichtung. Zwei Forstwirtschaftsmeister sind beim St\u00fctzpunkt in Schwarzach damit ganzj\u00e4hrig ausgelastet. &#8220;Wie wichtig diese T\u00e4tigkeit ist,&#8221; so der f\u00fcr die Kreisforstverwaltung zust\u00e4ndige Landrat Dr. Achim Br\u00f6tel, &#8220;zeigt die Situation nach dem Sturm Kyrill. <\/p>\n<p>Die Fortbildungen des Schwarzacher Hauptst\u00fctzpunktes tragen dazu bei, dass im Landkreis gut ausgebildetes Personal vorhanden ist, um bei Katastrophen rasch und sicher die von B\u00e4umen blockierten Stra\u00dfen wieder zu \u00f6ffnen und die Sturmsch\u00e4den in den W\u00e4ldern aufzuarbeiten&#8221;.<\/p>\n<p>Da auch Frauen mittlerweile Interesse an der Brennholzaufarbeitung bekundet haben, bieten die Schwarzacher F\u00f6rster im Mai einen speziellen Motors\u00e4genlehrgang f\u00fcr Frauen an.<\/p>\n<p><b>Zusatzinformationen:<\/b><br \/>Ansprechpartner f\u00fcr die Motors\u00e4genkurse sind die unteren Forstbeh\u00f6rden an den Landrats\u00e4mtern und die forstlichen St\u00fctzpunkte. Weitere Informationen k\u00f6nnen auch dem aktuellen Fortbildungsprogramm der Landesforstverwaltung entnommen werden (<a href=\"http:\/\/www.wald-online-bw.de\/pdf\/beruf\/fortbildung\/Extern_Bildungsangebot07.pdf\" >www.wald-online-bw.de<\/a>) oder direkt <a href=\"https:\/\/renewable-carbon.eu\/news\/wp-content\/uploads\/news-images\/20070307-07\/Extern_Bildungsangebot07.pdf\" >hier<\/a> als PDF-Dokument (2,4 MB) heruntergeladen werden.<\/p>\n<p>(Vgl. Meldungen vom <a href=\"https:\/\/renewable-carbon.eu\/news\/vorgestellt-initiative-pro-pellets\/\" >2007-02-23<\/a>, <a href=\"https:\/\/renewable-carbon.eu\/news\/in-berlin-wird-das-brennholz-knapper-und-teurer\/\" >2006-12-19<\/a> und <a href=\"https:\/\/renewable-carbon.eu\/news\/energieholz-brennend-gesucht\/\" >2006-09-21<\/a>.)<\/p>\n","protected":false},"excerpt":{"rendered":"<p><b>&#8220;Durch die stark gestiegenen Preise f&uuml;r fossile Energietr&auml;ger hat sich die Nachfrage nach Brennholz enorm entwickelt. So wurden 2006 knapp 500.000 Kubikmeter Brennholz aus dem<\/b><\/p>\n","protected":false},"author":3,"featured_media":0,"comment_status":"closed","ping_status":"closed","sticky":false,"template":"","format":"standard","meta":{"_seopress_robots_primary_cat":"","nova_meta_subtitle":"","footnotes":""},"categories":[5572],"tags":[],"supplier":[],"class_list":["post-9843","post","type-post","status-publish","format-standard","hentry","category-bio-based"],"_links":{"self":[{"href":"https:\/\/renewable-carbon.eu\/news\/wp-json\/wp\/v2\/posts\/9843","targetHints":{"allow":["GET"]}}],"collection":[{"href":"https:\/\/renewable-carbon.eu\/news\/wp-json\/wp\/v2\/posts"}],"about":[{"href":"https:\/\/renewable-carbon.eu\/news\/wp-json\/wp\/v2\/types\/post"}],"author":[{"embeddable":true,"href":"https:\/\/renewable-carbon.eu\/news\/wp-json\/wp\/v2\/users\/3"}],"replies":[{"embeddable":true,"href":"https:\/\/renewable-carbon.eu\/news\/wp-json\/wp\/v2\/comments?post=9843"}],"version-history":[{"count":0,"href":"https:\/\/renewable-carbon.eu\/news\/wp-json\/wp\/v2\/posts\/9843\/revisions"}],"wp:attachment":[{"href":"https:\/\/renewable-carbon.eu\/news\/wp-json\/wp\/v2\/media?parent=9843"}],"wp:term":[{"taxonomy":"category","embeddable":true,"href":"https:\/\/renewable-carbon.eu\/news\/wp-json\/wp\/v2\/categories?post=9843"},{"taxonomy":"post_tag","embeddable":true,"href":"https:\/\/renewable-carbon.eu\/news\/wp-json\/wp\/v2\/tags?post=9843"},{"taxonomy":"supplier","embeddable":true,"href":"https:\/\/renewable-carbon.eu\/news\/wp-json\/wp\/v2\/supplier?post=9843"}],"curies":[{"name":"wp","href":"https:\/\/api.w.org\/{rel}","templated":true}]}}