{"id":9684,"date":"2006-11-30T00:00:00","date_gmt":"2006-11-29T22:00:00","guid":{"rendered":"http:\/\/www.bio-based.eu\/news\/index.php?startid=20061130-03n"},"modified":"2006-11-30T00:00:00","modified_gmt":"2006-11-29T22:00:00","slug":"uhlenberg-legt-waldbericht-vor-mehr-holz-nutzen","status":"publish","type":"post","link":"https:\/\/renewable-carbon.eu\/news\/uhlenberg-legt-waldbericht-vor-mehr-holz-nutzen\/","title":{"rendered":"Uhlenberg legt Waldbericht vor: Mehr Holz nutzen"},"content":{"rendered":"<p><b>NRW-Umweltminister Eckhard Uhlenberg hat sich f\u00fcr eine st\u00e4rkere Nutzung von Holz als nachwachsendem Rohstoff ausgesprochen. Bei der Vorstellung des Waldzustandsberichtes 2006 verwies der Minister darauf, dass Nordrhein-Westfalen \u00fcber gro\u00dfe Holzpotenziale verf\u00fcgt, die derzeit nicht ausreichend genutzt werden.<\/b> <\/p>\n<p>Der j\u00e4hrliche Holzzuwachs in unseren W\u00e4ldern betr\u00e4gt 7,6 Millionen Kubikmeter Holz, von denen aber nur gut 4,5 Millionen oder 60 Prozent genutzt werden. &#8220;Regelm\u00e4\u00dfig durchforstete W\u00e4lder sind widerstandsf\u00e4higer. Einen Beitrag zu stabileren forstlichen \u00d6kosystemen k\u00f6nnen alle Waldbesitzer leisten, indem sie mehr Holz s\u00e4gen und vorhandene Durchforstungsreserven aussch\u00f6pfen&#8221;, sagte Uhlenberg: <\/p>\n<p>&#8220;Aktuell boomt der Holzmarkt. Alle Holzsortimente sind gesucht, und die Holzpreise steigen. Aufgrund der hohen Energiepreise erlebt das Brennholz aus dem Wald eine ungeahnte Renaissance. Die hohe Nachfrage der Holzwirtschaft und ihre Aufnahmebereitschaft sollten jetzt die Forstbetriebe nutzen. Eine am Zuwachs ausgerichtete nachhaltige Holznutzung dient der Waldpflege. Angesichts der weltweiten Rohstoff- und Energiekrisen spielt der nachwachsende, gro\u00dffl\u00e4chig verf\u00fcgbare und vielseitig verwendbare heimische Rohstoff Holz eine bedeutende Rolle. Volkswirtschaftlich gesehen k\u00f6nnen wir es uns nicht mehr leisten, Holz im Wald verrotten zu lassen.&#8221;<\/p>\n<p>Der aktuelle Waldzustandsbericht weist f\u00fcr die W\u00e4lder in NRW, die 27 Prozent der Landesfl\u00e4che ausmachen, eine gemischte Bilanz aus. W\u00e4hrend es bei Buche und Eiche Verbesserungen zu verzeichnen gab, haben sich die Sch\u00e4den bei Fichte und Kiefer erh\u00f6ht. Insgesamt ist der Anteil der gesunden B\u00e4ume seit Beginn der regelm\u00e4\u00dfigen Erhebungen 1984 von 59 kontinuierlich auf 25 Prozent zur\u00fcckgegangen ist. Der Anteil der deutlich gesch\u00e4digten B\u00e4ume hat sich bei etwa 25 Prozent eingependelt.<\/p>\n<p>Der Umweltminister k\u00fcndigte an, die Anstrengungen zum Erhalt der W\u00e4lder fortzusetzen. Neben der st\u00e4rkeren Holznutzung und einer weiteren Verringerung sch\u00e4dlicher Emissionen geh\u00f6rt dazu die Kalkung von B\u00f6den. &#8220;Der Wald als \u00d6ko-System, als Wirtschaftsfaktor, als Schutz- und Erholungsraum hat in Nordrhein-Westfalen eine enorme Bedeutung. Auch im Interesse k\u00fcnftiger Generationen wird die Landesregierung ihre Verantwortung f\u00fcr den Erhalt unserer W\u00e4lder wahrnehmen&#8221;, versicherte Uhlenberg.<\/p>\n<p><b>Zum <a href=\"http:\/\/www.loebf.nrw.de\/Willkommen\/Infosysteme\/Waldzustand_NRW\/Bericht_2006\/index.html\" >Waldzustandsbericht 2006<\/a><\/b> auf den Internet-Seiten der Landesanstalt f\u00fcr \u00d6kologie, Bodenordnung und Forsten<\/p>\n<p><b><a href=\"http:\/\/www.munlv.nrw.de\/sites\/ministerium\/reden_neu\/rede39.htm\" >Rede von Minister Eckhard Uhlenberg zur Vorstellung des Waldzustandsberichts 2006<\/a><\/b><\/p>\n","protected":false},"excerpt":{"rendered":"<p><b>NRW-Umweltminister Eckhard Uhlenberg hat sich f&uuml;r eine st&auml;rkere Nutzung von Holz als nachwachsendem Rohstoff ausgesprochen. Bei der Vorstellung des Waldzustandsberichtes 2006 verwies der Minister darauf,<\/b><\/p>\n","protected":false},"author":3,"featured_media":0,"comment_status":"closed","ping_status":"closed","sticky":false,"template":"","format":"standard","meta":{"_seopress_robots_primary_cat":"","nova_meta_subtitle":"","footnotes":""},"categories":[5572],"tags":[],"supplier":[],"class_list":["post-9684","post","type-post","status-publish","format-standard","hentry","category-bio-based"],"_links":{"self":[{"href":"https:\/\/renewable-carbon.eu\/news\/wp-json\/wp\/v2\/posts\/9684","targetHints":{"allow":["GET"]}}],"collection":[{"href":"https:\/\/renewable-carbon.eu\/news\/wp-json\/wp\/v2\/posts"}],"about":[{"href":"https:\/\/renewable-carbon.eu\/news\/wp-json\/wp\/v2\/types\/post"}],"author":[{"embeddable":true,"href":"https:\/\/renewable-carbon.eu\/news\/wp-json\/wp\/v2\/users\/3"}],"replies":[{"embeddable":true,"href":"https:\/\/renewable-carbon.eu\/news\/wp-json\/wp\/v2\/comments?post=9684"}],"version-history":[{"count":0,"href":"https:\/\/renewable-carbon.eu\/news\/wp-json\/wp\/v2\/posts\/9684\/revisions"}],"wp:attachment":[{"href":"https:\/\/renewable-carbon.eu\/news\/wp-json\/wp\/v2\/media?parent=9684"}],"wp:term":[{"taxonomy":"category","embeddable":true,"href":"https:\/\/renewable-carbon.eu\/news\/wp-json\/wp\/v2\/categories?post=9684"},{"taxonomy":"post_tag","embeddable":true,"href":"https:\/\/renewable-carbon.eu\/news\/wp-json\/wp\/v2\/tags?post=9684"},{"taxonomy":"supplier","embeddable":true,"href":"https:\/\/renewable-carbon.eu\/news\/wp-json\/wp\/v2\/supplier?post=9684"}],"curies":[{"name":"wp","href":"https:\/\/api.w.org\/{rel}","templated":true}]}}