{"id":9668,"date":"2006-12-05T00:00:00","date_gmt":"2006-12-04T22:00:00","guid":{"rendered":"http:\/\/www.bio-based.eu\/news\/index.php?startid=20061205-04n"},"modified":"2006-12-05T00:00:00","modified_gmt":"2006-12-04T22:00:00","slug":"flachs-der-langfasermarkt-bewegt-sich","status":"publish","type":"post","link":"https:\/\/renewable-carbon.eu\/news\/flachs-der-langfasermarkt-bewegt-sich\/","title":{"rendered":"Flachs: Der Langfasermarkt bewegt sich"},"content":{"rendered":"<p><b>Unter der F\u00fclle der in den verschiedenen Sektionen der CELC auf ihrem j\u00e4hrlichen Kongress diskutierten Fragen erfreuen sich zwei ganz besonderer Aufmerksamkeit: Wie war die Ernte und wie entwickeln sich die Preise? Dass die Ernte 2006 hinsichtlich Menge und Qualit\u00e4t deutlich geringer ausfallen w\u00fcrde als im Vorjahr, stand nach der missgl\u00fcckten Erntekampagne bereits im September fest.<\/b><\/p>\n<p>Statt der im Vorjahr von ca. 120.000 ha geernteten 160.000 t Langflachs sind in diesem Jahr von ca. 100.000 ha Anbaufl\u00e4che kaum mehr als 110.000 t Langflachs zu erwarten. Ein weiterer Unterschied liegt in der Faserqualit\u00e4t: bot das Vorjahr noch \u00fcberwiegend in mittlere und gute Qualit\u00e4ten, wird f\u00fcr das laufende Jahr von einer Drittelung der Menge in gute Langfaser (hell und fest), mittlere bis mindere (blau und weich) und schlechte (dunkel, \u00fcberr\u00f6stet) Qualit\u00e4ten ausgegangen. <\/p>\n<p>Die Versorgung der \u00fcberwiegend asiatischen Leinenspinnereien kann jedoch als absolut gesichert gelten, zumal noch \u00dcberh\u00e4nge aus dem Vorjahr von mehr als 40.000 t am Markt verf\u00fcgbar sind.<\/p>\n<p>Durch die nun wieder zusammen laufende Schere von Angebot und Nachfrage ist eine deutliche Preissteigerung f\u00fcr Langfasern zu beobachten, die allerdings mit etwa 25% je Mengeneinheit die gegen\u00fcber dem Vorjahr deutlich gestiegenen Produktionskosten bei weitem nicht ausgleicht. Dazu w\u00e4ren vor allem f\u00fcr die n\u00f6rdlichen Anbaugebiete bis zu 40% Preissteigerung erforderlich.<\/p>\n<p>Dies f\u00fchrt dazu, dass die Flachsanbaufl\u00e4che im Fr\u00fchjahr 2007 weiter zur\u00fcckgehen wird, da viele Flachsanbauer in derzeit gut bezahltem Getreide oder Energiepflanzen \u00f6konomisch interessante Alternativen zu Flachs sehen und dies bei ihrer Anbauplanung f\u00fcr Winterfr\u00fcchte bereits ber\u00fccksichtigt haben.<\/p>\n<p>Deutlich ruhiger als am Langfasermarkt geht es bei der Kurzfaser zu: zwar m\u00fcssen f\u00fcr hochwertige textile und technische Anwendungen deutliche Preisaufschl\u00e4ge notiert werden, jedoch sollten die Faserpreise f\u00fcr Vliese bzw. f\u00fcr Formpressteile vergleichsweise stabil bleiben.<\/p>\n<p>Dies h\u00e4ngt zum einen mit einer im Vergleich zu Langfasern geringeren Sensitivit\u00e4t der Spinnereien bez\u00fcglich Faserqualit\u00e4t zusammen und zum anderen mit dem zu erwartenden relativ hohen Kurzfaseranteil bei der Langfaserproduktion aufgrund des weit ausger\u00f6steten bzw. \u00fcberr\u00f6steten Flachsstrohs.<\/p>\n<p>Insgesamt wird einschlie\u00dflich L\u00e4ger zu Saisonbeginn ein Kurzfaseraufkommen von etwa 90.000 t erwartet, welches sowohl textile als auch technische Verwendungen abdecken werden kann.<\/p>\n<p>(Vgl. Meldung vom <a href=\"https:\/\/renewable-carbon.eu\/news\/flachsernte-teilweise-nicht-mehr-zu-retten\/\" >2006-09-06<\/a>.)<\/p>\n","protected":false},"excerpt":{"rendered":"<p><b>Unter der F&uuml;lle der in den verschiedenen Sektionen der CELC auf ihrem j&auml;hrlichen Kongress diskutierten Fragen erfreuen sich zwei ganz besonderer Aufmerksamkeit: Wie war die<\/b><\/p>\n","protected":false},"author":3,"featured_media":0,"comment_status":"closed","ping_status":"closed","sticky":false,"template":"","format":"standard","meta":{"_seopress_robots_primary_cat":"","nova_meta_subtitle":"","footnotes":""},"categories":[5572],"tags":[],"supplier":[],"class_list":["post-9668","post","type-post","status-publish","format-standard","hentry","category-bio-based"],"_links":{"self":[{"href":"https:\/\/renewable-carbon.eu\/news\/wp-json\/wp\/v2\/posts\/9668","targetHints":{"allow":["GET"]}}],"collection":[{"href":"https:\/\/renewable-carbon.eu\/news\/wp-json\/wp\/v2\/posts"}],"about":[{"href":"https:\/\/renewable-carbon.eu\/news\/wp-json\/wp\/v2\/types\/post"}],"author":[{"embeddable":true,"href":"https:\/\/renewable-carbon.eu\/news\/wp-json\/wp\/v2\/users\/3"}],"replies":[{"embeddable":true,"href":"https:\/\/renewable-carbon.eu\/news\/wp-json\/wp\/v2\/comments?post=9668"}],"version-history":[{"count":0,"href":"https:\/\/renewable-carbon.eu\/news\/wp-json\/wp\/v2\/posts\/9668\/revisions"}],"wp:attachment":[{"href":"https:\/\/renewable-carbon.eu\/news\/wp-json\/wp\/v2\/media?parent=9668"}],"wp:term":[{"taxonomy":"category","embeddable":true,"href":"https:\/\/renewable-carbon.eu\/news\/wp-json\/wp\/v2\/categories?post=9668"},{"taxonomy":"post_tag","embeddable":true,"href":"https:\/\/renewable-carbon.eu\/news\/wp-json\/wp\/v2\/tags?post=9668"},{"taxonomy":"supplier","embeddable":true,"href":"https:\/\/renewable-carbon.eu\/news\/wp-json\/wp\/v2\/supplier?post=9668"}],"curies":[{"name":"wp","href":"https:\/\/api.w.org\/{rel}","templated":true}]}}