{"id":9629,"date":"2006-12-19T00:00:00","date_gmt":"2006-12-18T22:00:00","guid":{"rendered":"http:\/\/www.bio-based.eu\/news\/index.php?startid=20061219-02n"},"modified":"2006-12-19T00:00:00","modified_gmt":"2006-12-18T22:00:00","slug":"oesterreich-versorgungssicherheit-bei-pellets-gegeben","status":"publish","type":"post","link":"https:\/\/renewable-carbon.eu\/news\/oesterreich-versorgungssicherheit-bei-pellets-gegeben\/","title":{"rendered":"\u00d6sterreich: Versorgungssicherheit bei Pellets gegeben"},"content":{"rendered":"<p><b>Seit Beginn der &#8220;kalten&#8221; Jahreszeit ist das Thema Heizen und Heizkosten bzw. Versorgungssicherheit in aller Munde&#8221;, so Salzburgs Energie-Landesrat Sepp Eisl bei der Pressefahrt zum Pelletsproduzenten <a href=\"http:\/\/www.firestixx.org\/\" >FireStixx<\/a> in Abtenau.<\/b><\/p>\n<p>&#8220;Diskussionen um angebliche Versorgungsengp\u00e4sse bei Pellets oder Hackschnitzel und stark gestiegene Preise, wie sie derzeit gef\u00fchrt werden, d\u00fcrfen uns nicht vom eingeschlagenen Weg in Richtung erneuerbare Energie abweichen lassen&#8221;, mein Eisl. &#8220;Nachfragen bei einigen Produzenten und H\u00e4ndlern haben ergeben, dass sie keineswegs Versorgungs- bzw. Lieferschwierigkeiten haben, wie transportiert wurde. Eine einseitige Stimmungsmache ist sicherlich nicht zielf\u00fchrend. <\/p>\n<p>Wichtig ist, dass wir jetzt vernetzt daran arbeiten, von ausl\u00e4ndischen Erd\u00f6l- oder Gaslieferanten unabh\u00e4ngig zu werden, auf heimische Rohstoffe zu setzen und damit die lokale Wirtschaft zu st\u00e4rken sowie Arbeitspl\u00e4tze zu schaffen&#8221;, so Eisl. Eisl hat gemeinsam mit Dr. Christian Rakos von <a href=\"http:\/\/www.propellets.at\/\" >proPellets Austria<\/a> zu einer Pressefahrt zur Firma FireStixx in Abtenau geladen, um die aktuelle Situation zum Thema Versorgungssicherheit mit Produzenten, H\u00e4ndlern und Verband zu diskutieren.<\/p>\n<p>&#8220;Die Firma FireStixx ist ein produzierender Betrieb in heimischer Hand, der 80% seiner Produktion im Inland verkauft und wie viele andere Produzenten gerade zu den Spitzenzeiten im vergangenen Winter gro\u00dfe Mengen von den Lieferungen nach Italien abgezogen hat, um in \u00d6sterreich die Versorgung sicherzustellen. Umso unverantwortlicher ist es, vor diesem Hintergrund einen Versorgungsengpass bei Pellets zu beschw\u00f6ren, den es nicht gibt&#8221;, so Eisl.<\/p>\n<p>&#8220;Insgesamt werden in \u00d6sterreich deutlich mehr Pellets produziert, als verbraucht werden. 2006 sind das \u00fcber 600.000 Tonnen in der Produktion im Vergleich zu rund 400.000 Tonnen im Verbrauch. Alleine mit den 80% unserer Produktion, die wir in \u00d6sterreich verkaufen, k\u00f6nnten wir ganz Salzburg mit Pellets versorgen&#8221;, erg\u00e4nzt Ing. Christian P\u00f6lzleitner, Gesch\u00e4ftsf\u00fchrer der Firma FireStixx.<\/p>\n<p>&#8220;Die Prognose f\u00fcr 2007 geht von 900.000 Tonnen Produktion und rund 550.000 Tonnen Verbrauch in \u00d6sterreich aus. F\u00fchrende Produzenten steigern im kommenden Jahr ihre Produktion deutlich, einige verdoppeln sogar. Dazu kommen neue Produktionsstandorte, die 2007 und 2008 in Betrieb gehen werden&#8221;, so Eisl. Er warne davor, durch das Verbreiten eines angeblichen Versorgungsengpasses dem heimischen, umweltfreundlichen Brennstoff Pellets nachhaltig zu schaden. <\/p>\n<p>&#8220;Auch wenn die Pellets-Preise auf Grund der innerhalb k\u00fcrzester Zeit enorm gestiegenen Nachfrage deutlich angestiegen sind, sind Pellets nach wie vor eine g\u00fcnstigere Alternative zu \u00d6l. <\/p>\n<p>Durch die Produktionssteigerung in den kommenden Monaten wird sich auch die Preissituation wieder entspannen. Generell d\u00fcrfen wir die Entscheidung f\u00fcr einen Brennstoff nicht von den Tagespreisen abh\u00e4ngig machen, sondern jenen w\u00e4hlen, der auch zukunftsf\u00e4hig ist. <\/p>\n<p>Unabh\u00e4ngig von der Preisdiskussion m\u00fcssen wir uns aber Tatsache bewusst sein: Die g\u00fcnstigste Energie ist jene, die wir nicht verbrauchen. Das hei\u00dft wir m\u00fcssen neben der Nutzung erneuerbarer Energieformen alle Anstrengungen in die Energieeffizienz und damit in die Reduktion des Energieverbrauchs ohne Komfortverlust investieren&#8221;, fordert Eisl.<\/p>\n<p>(Vgl. Meldung vom <a href=\"https:\/\/renewable-carbon.eu\/news\/oesterreich-pelletversorgung-gesichert-entspannung-bei-preisen\/\" >2006-12-01<\/a>.)<\/p>\n","protected":false},"excerpt":{"rendered":"<p><b>Seit Beginn der &#8220;kalten&#8221; Jahreszeit ist das Thema Heizen und Heizkosten bzw. Versorgungssicherheit in aller Munde&#8221;, so Salzburgs Energie-Landesrat Sepp Eisl bei der Pressefahrt zum<\/b><\/p>\n","protected":false},"author":3,"featured_media":0,"comment_status":"closed","ping_status":"closed","sticky":false,"template":"","format":"standard","meta":{"_seopress_robots_primary_cat":"","nova_meta_subtitle":"","footnotes":""},"categories":[5572],"tags":[],"supplier":[],"class_list":["post-9629","post","type-post","status-publish","format-standard","hentry","category-bio-based"],"_links":{"self":[{"href":"https:\/\/renewable-carbon.eu\/news\/wp-json\/wp\/v2\/posts\/9629","targetHints":{"allow":["GET"]}}],"collection":[{"href":"https:\/\/renewable-carbon.eu\/news\/wp-json\/wp\/v2\/posts"}],"about":[{"href":"https:\/\/renewable-carbon.eu\/news\/wp-json\/wp\/v2\/types\/post"}],"author":[{"embeddable":true,"href":"https:\/\/renewable-carbon.eu\/news\/wp-json\/wp\/v2\/users\/3"}],"replies":[{"embeddable":true,"href":"https:\/\/renewable-carbon.eu\/news\/wp-json\/wp\/v2\/comments?post=9629"}],"version-history":[{"count":0,"href":"https:\/\/renewable-carbon.eu\/news\/wp-json\/wp\/v2\/posts\/9629\/revisions"}],"wp:attachment":[{"href":"https:\/\/renewable-carbon.eu\/news\/wp-json\/wp\/v2\/media?parent=9629"}],"wp:term":[{"taxonomy":"category","embeddable":true,"href":"https:\/\/renewable-carbon.eu\/news\/wp-json\/wp\/v2\/categories?post=9629"},{"taxonomy":"post_tag","embeddable":true,"href":"https:\/\/renewable-carbon.eu\/news\/wp-json\/wp\/v2\/tags?post=9629"},{"taxonomy":"supplier","embeddable":true,"href":"https:\/\/renewable-carbon.eu\/news\/wp-json\/wp\/v2\/supplier?post=9629"}],"curies":[{"name":"wp","href":"https:\/\/api.w.org\/{rel}","templated":true}]}}