{"id":9626,"date":"2006-12-19T00:00:00","date_gmt":"2006-12-18T22:00:00","guid":{"rendered":"http:\/\/www.bio-based.eu\/news\/index.php?startid=20061219-07n"},"modified":"2006-12-19T00:00:00","modified_gmt":"2006-12-18T22:00:00","slug":"in-berlin-wird-das-brennholz-knapper-und-teurer","status":"publish","type":"post","link":"https:\/\/renewable-carbon.eu\/news\/in-berlin-wird-das-brennholz-knapper-und-teurer\/","title":{"rendered":"In Berlin wird das Brennholz knapper und teurer"},"content":{"rendered":"<p><b>Schlechte Nachrichten f\u00fcr Berliner Kaminbesitzer und Holz-Heizer: das Holz wird knapp, die Preise steigen. Die Holzknappheit hat mit einer stark gestiegenen Nachfrage zu tun. &#8220;Der Trend geht zum Cocooning, zur gem\u00fctlichen Einrichtung der eigenen vier W\u00e4nde. Dazu geh\u00f6rt f\u00fcr viele ein Kaminofen&#8221;, sagt Johanna Meessen, Sprecherin der Baumarktkette Obi.<\/b><\/p>\n<p>Au\u00dferdem haben viele Berliner aus Gr\u00fcnden der Wirtschaftlichkeit auf Holz umgestellt und sich einen Pellet-Ofen angeschafft. Bis Mitte 2006 war das Heizen mit diesen kleinen Holz-Pl\u00e4ttchen rund 40 Prozent g\u00fcnstiger als die herk\u00f6mmliche \u00d6lheizung. Es wurden so viele Pellet-\u00d6fen gekauft, dass die Hersteller mit der Produktion gar nicht mehr nachkamen. Die gestiegenen Verkaufszahlen sind auch auf die Zusch\u00fcsse des Bundes zur\u00fcckzuf\u00fchren, der jeden Ofen mit 1.200 Euro bezuschusst hat. Diese F\u00f6rderung endet mit diesem Jahr.<\/p>\n<p>Die hohe Nachfrage nach dem Rohstoff Holz, im Vergleich fum fossilen Energietr\u00e4ger \u00d6l, hat den Preis in die H\u00f6he steigen lassen, sodass der Preisvorsprung gegen\u00fcber dem \u00d6l deutlich gesunken ist. Trotzdem gibt es f\u00fcr die Berliner Holz-Heizer noch ein Funken Hoffnung. Holz-H\u00e4ndler Frithjof Engelke prophezeit: &#8220;Im n\u00e4chsten Jahr werden sich die Preise wieder deutlich verschieben, und zwar zugunsten der Holz-Heizung.&#8221;<\/p>\n<p>Wer solange nicht warten will, kann selbst in den Wald gehen, um sein Brennholz zu schlagen. Das ist durchaus legal, wenn es in R\u00fccksprache mit einem der vier Berliner Forst\u00e4mter erfolgt. Die Forstamtsleiter weisen den Hobby-Holzf\u00e4llern ein bestimmtes Gebiet und eine maximal zu schlagende Holzmenge zu. F\u00fcr den Einsatz der Motor-S\u00e4ge wird seit Oktober der Nachweis eines entsprechenden Lehrgangs ben\u00f6tigt, den die Forst\u00e4mter anbieten: <a href=\"http:\/\/www.motorsaegenkurs.de\/\" >www.motorsaegenkurs.de<\/a>.<\/p>\n<p>(Vgl. Meldungen vom <a href=\"https:\/\/renewable-carbon.eu\/news\/eu-parlament-drohender-holzknappheit-begegnen\/\" >2006-12-13<\/a>, <a href=\"https:\/\/renewable-carbon.eu\/news\/brennholznachfrage-im-landeswald-von-niedersachsen-nicht-zu-bedienen\/\" >2006-11-02<\/a>, <a href=\"https:\/\/renewable-carbon.eu\/news\/alles-pelletti-der-pelletmarkt-vor-einem-strengen-winter\/\" >2006-10-20<\/a>, <a href=\"https:\/\/renewable-carbon.eu\/news\/neuregelung-soll-kahlschlaege-in-brandenburg-verhindern\/\" >2006-09-19<\/a>, <a href=\"https:\/\/renewable-carbon.eu\/news\/energieholz-brennend-gesucht\/\" >2006-09-21<\/a>, <a href=\"https:\/\/renewable-carbon.eu\/news\/heizen-mit-holzpellets-ist-weiterhin-wirtschaftlich\/\" >2006-11-15<\/a> und <a href=\"https:\/\/renewable-carbon.eu\/news\/oesterreich-versorgungssicherheit-bei-pellets-gegeben\/\" >2006-12-19<\/a>.)<\/p>\n","protected":false},"excerpt":{"rendered":"<p><b>Schlechte Nachrichten f&uuml;r Berliner Kaminbesitzer und Holz-Heizer: das Holz wird knapp, die Preise steigen. Die Holzknappheit hat mit einer stark gestiegenen Nachfrage zu tun. &#8220;Der<\/b><\/p>\n","protected":false},"author":3,"featured_media":0,"comment_status":"closed","ping_status":"closed","sticky":false,"template":"","format":"standard","meta":{"_seopress_robots_primary_cat":"","nova_meta_subtitle":"","footnotes":""},"categories":[5572],"tags":[],"supplier":[],"class_list":["post-9626","post","type-post","status-publish","format-standard","hentry","category-bio-based"],"_links":{"self":[{"href":"https:\/\/renewable-carbon.eu\/news\/wp-json\/wp\/v2\/posts\/9626","targetHints":{"allow":["GET"]}}],"collection":[{"href":"https:\/\/renewable-carbon.eu\/news\/wp-json\/wp\/v2\/posts"}],"about":[{"href":"https:\/\/renewable-carbon.eu\/news\/wp-json\/wp\/v2\/types\/post"}],"author":[{"embeddable":true,"href":"https:\/\/renewable-carbon.eu\/news\/wp-json\/wp\/v2\/users\/3"}],"replies":[{"embeddable":true,"href":"https:\/\/renewable-carbon.eu\/news\/wp-json\/wp\/v2\/comments?post=9626"}],"version-history":[{"count":0,"href":"https:\/\/renewable-carbon.eu\/news\/wp-json\/wp\/v2\/posts\/9626\/revisions"}],"wp:attachment":[{"href":"https:\/\/renewable-carbon.eu\/news\/wp-json\/wp\/v2\/media?parent=9626"}],"wp:term":[{"taxonomy":"category","embeddable":true,"href":"https:\/\/renewable-carbon.eu\/news\/wp-json\/wp\/v2\/categories?post=9626"},{"taxonomy":"post_tag","embeddable":true,"href":"https:\/\/renewable-carbon.eu\/news\/wp-json\/wp\/v2\/tags?post=9626"},{"taxonomy":"supplier","embeddable":true,"href":"https:\/\/renewable-carbon.eu\/news\/wp-json\/wp\/v2\/supplier?post=9626"}],"curies":[{"name":"wp","href":"https:\/\/api.w.org\/{rel}","templated":true}]}}