{"id":9487,"date":"2006-09-19T00:00:00","date_gmt":"2006-09-18T22:00:00","guid":{"rendered":"http:\/\/www.bio-based.eu\/news\/index.php?startid=20060919-08n"},"modified":"2006-09-19T00:00:00","modified_gmt":"2006-09-18T22:00:00","slug":"neuregelung-soll-kahlschlaege-in-brandenburg-verhindern","status":"publish","type":"post","link":"https:\/\/renewable-carbon.eu\/news\/neuregelung-soll-kahlschlaege-in-brandenburg-verhindern\/","title":{"rendered":"Neuregelung soll Kahlschl\u00e4ge in Brandenburg verhindern"},"content":{"rendered":"<p><b>Mit dem Thema Kahlschl\u00e4ge hat sich der Landtag seit der 2004 erfolgten Neuregelung des Landeswaldgesetzes bereits drei Mal befasst, das letzte Mal im Mai. In dieser Sitzung wurde die Landesregierung aufgefordert, Regelungen f\u00fcr die Wiederbewaldung der betroffenen Fl\u00e4chen zu finden. Brandenburgs Forstminister Dietmar Woidke k\u00fcndigte eine Regelung zur Wiederbewaldung an, die dem Landtag in K\u00fcrze zur Zustimmung vorgelegt werden soll.<\/b> <\/p>\n<p>Die Waldbesitzer werden dann verpflichtet, Freifl\u00e4chen in einer gesetzten Frist wieder in Bestockung zu bringen, wie die F\u00f6rster das nennen. Dies soll durch Kosten sparende, nat\u00fcrliche Verj\u00fcngung oder durch Saat und Anpflanzung m\u00f6glich sein. Bei Versto\u00df gegen diese Norm droht ein Bu\u00dfgeld bis zu 20.000 Euro. <\/p>\n<p><img SRC=\"https:\/\/renewable-carbon.eu\/news\/wp-content\/uploads\/news-images\/20060919-08\/kahlschlag_canada.jpg\" align=\"right\" style=\"margin-left:10px;\" BORDER=\"0\" ALT=\"\"\/>In der Vergangenheit wurden einzelne Holzerntema\u00dfnahmen bekannt, die zu schachbrettartigen Kahlschlagsgebieten gef\u00fchrt haben. Die Holzbranche entwickelt sich positiv und die Preise f\u00fcr Rohholz steigen. Diesen Trend nutzen einzelne Waldbesitzer aus. Sie schlagen \u2013 eben im Muster eines Schachbretts \u2013 auf einer Fl\u00e4che so viel Holz, dass weniger als die vorgeschriebenen 40 Prozent des Baumbestands verbleiben. <\/p>\n<p>Die Landesforstverwaltung wertet dies als Kahlschl\u00e4ge, die nach dem Landeswaldgesetz verboten sind. Diejenigen Waldbesitzer, die unverantwortlich in ihrem Wald wirtschafteten, wurden in Verwaltungsverfahren zur Rechenschaft gezogen. Dies wurde auch \u00f6ffentlich gemacht. <\/p>\n<p>(Foto: So sieht ordnungsgem\u00e4\u00dfe deutsche Forstwirtschaft nicht aus. Hier ein Negativbeispiel aus Kanada)<\/p>\n","protected":false},"excerpt":{"rendered":"<p><b>Mit dem Thema Kahlschl&auml;ge hat sich der Landtag seit der 2004 erfolgten Neuregelung des Landeswaldgesetzes bereits drei Mal befasst, das letzte Mal im Mai. In<\/b><\/p>\n","protected":false},"author":3,"featured_media":0,"comment_status":"closed","ping_status":"closed","sticky":false,"template":"","format":"standard","meta":{"_seopress_robots_primary_cat":"","nova_meta_subtitle":"","footnotes":""},"categories":[5572],"tags":[],"supplier":[],"class_list":["post-9487","post","type-post","status-publish","format-standard","hentry","category-bio-based"],"_links":{"self":[{"href":"https:\/\/renewable-carbon.eu\/news\/wp-json\/wp\/v2\/posts\/9487","targetHints":{"allow":["GET"]}}],"collection":[{"href":"https:\/\/renewable-carbon.eu\/news\/wp-json\/wp\/v2\/posts"}],"about":[{"href":"https:\/\/renewable-carbon.eu\/news\/wp-json\/wp\/v2\/types\/post"}],"author":[{"embeddable":true,"href":"https:\/\/renewable-carbon.eu\/news\/wp-json\/wp\/v2\/users\/3"}],"replies":[{"embeddable":true,"href":"https:\/\/renewable-carbon.eu\/news\/wp-json\/wp\/v2\/comments?post=9487"}],"version-history":[{"count":0,"href":"https:\/\/renewable-carbon.eu\/news\/wp-json\/wp\/v2\/posts\/9487\/revisions"}],"wp:attachment":[{"href":"https:\/\/renewable-carbon.eu\/news\/wp-json\/wp\/v2\/media?parent=9487"}],"wp:term":[{"taxonomy":"category","embeddable":true,"href":"https:\/\/renewable-carbon.eu\/news\/wp-json\/wp\/v2\/categories?post=9487"},{"taxonomy":"post_tag","embeddable":true,"href":"https:\/\/renewable-carbon.eu\/news\/wp-json\/wp\/v2\/tags?post=9487"},{"taxonomy":"supplier","embeddable":true,"href":"https:\/\/renewable-carbon.eu\/news\/wp-json\/wp\/v2\/supplier?post=9487"}],"curies":[{"name":"wp","href":"https:\/\/api.w.org\/{rel}","templated":true}]}}