{"id":9427,"date":"2006-10-10T00:00:00","date_gmt":"2006-10-09T22:00:00","guid":{"rendered":"http:\/\/www.bio-based.eu\/news\/index.php?startid=20061010-04n"},"modified":"2006-10-10T00:00:00","modified_gmt":"2006-10-09T22:00:00","slug":"vertreter-der-erneuerbare-energien-branche-fordern-auf-merkels-energiegipfel-bezahlbare-energieversorgung-durch-erneuerbare-energien-sichern","status":"publish","type":"post","link":"https:\/\/renewable-carbon.eu\/news\/vertreter-der-erneuerbare-energien-branche-fordern-auf-merkels-energiegipfel-bezahlbare-energieversorgung-durch-erneuerbare-energien-sichern\/","title":{"rendered":"Vertreter der Erneuerbare Energien-Branche fordern auf Merkels Energiegipfel: Bezahlbare Energieversorgung durch Erneuerbare Energien sichern!"},"content":{"rendered":"<p><b>Eine konsequente Modernisierung der Energieversorgung auf Basis Erneuerbarer Energien und mehr Energieeffizienz im Strom-, W\u00e4rme- und Kraftstoffsektor fordert der <a href=\"http:\/\/www.bee-ev.de\/\" >Bundesverband Erneuerbare Energie (BEE)<\/a> anl\u00e4sslich des heutigen zweiten Energiegipfels bei Bundeskanzlerin Angela Merkel.<\/b> <\/p>\n<p>Die hohe Abh\u00e4ngigkeit Deutschlands von immer teureren Energieimporten lasse sich durch einen Mix heimischer Bio-, Sonnen-, Wind-, Wasser- und Geoenergie sowie durch mehr Energieeffizienz j\u00e4hrlich um zwei Prozent reduzieren. Nur so k\u00f6nne eine bezahlbare Energieversorgung langfristig gesichert und das Klimaproblem gel\u00f6st werden. Eine Laufzeitverl\u00e4ngerung deutscher Kernkraftwerke sei angesichts des schnellen Wachstums bei den Erneuerbaren Energien verzichtbar.<\/p>\n<p>Der Ausbau des deutschen Technologievorsprungs bei der Nutzung Erneuerbarer Energien (EE) m\u00fcsse auch aus wirtschaftspolitischen Gr\u00fcnden zu einem der wichtigsten Vorhaben der Bundesregierung erhoben werden, forderten die drei Gipfelteilnehmer der aus der EE-Branche auf einer Pressekonferenz. Die deutsche Branche verf\u00fcge \u00fcber Schl\u00fcsseltechnologien mit gewaltigem Exportpotenzial. Die L\u00f6sung der Energiefrage und des Klimaproblems z\u00e4hlen weltweit zu den gr\u00f6\u00dften Herausforderungen und immer mehr L\u00e4nder erkennen dies.<\/p>\n<p>&#8220;Wenn wir jetzt technologisch am Ball bleiben und nicht ins fossil-nuklearen Zeitalter zur\u00fcckfallen, k\u00f6nnen wir mit den Erneuerbaren Energien einen Wirtschafts- und Jobmotor sonder gleichen aufbauen. EE-Technologien &#8220;Made in Germany&#8221; k\u00f6nnen das Exportvolumen der Automobilindustrie erreichen und \u00fcber 500.000 neue Jobs in Deutschland schaffen&#8221;, erkl\u00e4rte Carsten K\u00f6rnig, Mitglied des BEE-Vorstandes, anl\u00e4sslich des Energiegipfels. Bereits heute exportiert die Branche Technologie im Wert von rund vier Milliarden Euro pro Jahr. Bis 2020 kann dies auf \u00fcber 15 Milliarden Euro gesteigert werden.<\/p>\n<p>Die Gipfelteilnehmer betonten, dass mit Strom aus Erneuerbaren Energien eine bedarfsgerechte Vollversorgung m\u00f6glich ist. Um zu belegen, dass sich Sonnen-, Wind-, Wasser-, Geo- und Bioenergie gut erg\u00e4nzen, schl\u00e4gt die EE-Branche als Leitprojekt die Initiierung eines regenerativen Kombikraftwerks vor.<\/p>\n<p>Auch bei der W\u00e4rmeerzeugung lie\u00dfen sich EE zu minimalen Kosten im gro\u00dfen Stil einsetzen und damit die Abh\u00e4ngigkeit von \u00d6l und Gas reduzieren. So k\u00f6nnten z.B. mit ein Drittel der landwirtschaftlichen Nutzfl\u00e4che Deutschlands die Erdgasimporte aus Russland vollst\u00e4ndig durch Biogas ersetzt werden.<\/p>\n<p><b>R\u00fcckfragen:<\/b><\/p>\n<p>Carsten K\u00f6rnig, <br \/>BEE-Vorstand und Sherpa f\u00fcr den Energiegipfel<br \/>Tel.: 0177 384 59 63<br \/>oder<\/p>\n<p>die Teilnehmer der EE-Branche:<\/p>\n<ul>\n<li>Frank H. Asbeck, Vorstandssprecher SolarWorld AG, Tel. 0172 250 80 00<\/li>\n<li>Ulrich Schmack, Vorstandsvorsitzender Schmack Biogas AG, Tel. 01511 845 72 53<\/li>\n<li>Dr. hc Aloys Wobben (Gesch\u00e4ftsf\u00fchrer Enercon GmbH), Tel.0175 729 09 87<\/li>\n<\/ul>\n<p><a href=\"http:\/\/www.bee-ev.de\/\" >BEE e.V.<\/a> <br \/>Teichweg 6<br \/>33100 Paderborn<br \/>Tel.: 05252\/939-800<br \/>Fax: 05252\/529- 45 <br \/>E-Mail: <a href=\"mailto:info@bee-ev.de\">info@bee-ev.de<\/a> <\/p>\n<p>(Vgl. Meldung vom <a href=\"https:\/\/renewable-carbon.eu\/news\/bundesverband-bioenergie-e-v-bbe-fordert-gewichtige-rolle-der-bioenergie-im-energiemix-der-zukunft\/\" >2006-03-14<\/a>.)<\/p>\n","protected":false},"excerpt":{"rendered":"<p><b>Eine konsequente Modernisierung der Energieversorgung auf Basis Erneuerbarer Energien und mehr Energieeffizienz im Strom-, W&auml;rme- und Kraftstoffsektor fordert der Bundesverband Erneuerbare Energie (BEE) anl&auml;sslich des<\/b><\/p>\n","protected":false},"author":3,"featured_media":0,"comment_status":"closed","ping_status":"closed","sticky":false,"template":"","format":"standard","meta":{"_seopress_robots_primary_cat":"","nova_meta_subtitle":"","footnotes":""},"categories":[5572],"tags":[],"supplier":[],"class_list":["post-9427","post","type-post","status-publish","format-standard","hentry","category-bio-based"],"_links":{"self":[{"href":"https:\/\/renewable-carbon.eu\/news\/wp-json\/wp\/v2\/posts\/9427","targetHints":{"allow":["GET"]}}],"collection":[{"href":"https:\/\/renewable-carbon.eu\/news\/wp-json\/wp\/v2\/posts"}],"about":[{"href":"https:\/\/renewable-carbon.eu\/news\/wp-json\/wp\/v2\/types\/post"}],"author":[{"embeddable":true,"href":"https:\/\/renewable-carbon.eu\/news\/wp-json\/wp\/v2\/users\/3"}],"replies":[{"embeddable":true,"href":"https:\/\/renewable-carbon.eu\/news\/wp-json\/wp\/v2\/comments?post=9427"}],"version-history":[{"count":0,"href":"https:\/\/renewable-carbon.eu\/news\/wp-json\/wp\/v2\/posts\/9427\/revisions"}],"wp:attachment":[{"href":"https:\/\/renewable-carbon.eu\/news\/wp-json\/wp\/v2\/media?parent=9427"}],"wp:term":[{"taxonomy":"category","embeddable":true,"href":"https:\/\/renewable-carbon.eu\/news\/wp-json\/wp\/v2\/categories?post=9427"},{"taxonomy":"post_tag","embeddable":true,"href":"https:\/\/renewable-carbon.eu\/news\/wp-json\/wp\/v2\/tags?post=9427"},{"taxonomy":"supplier","embeddable":true,"href":"https:\/\/renewable-carbon.eu\/news\/wp-json\/wp\/v2\/supplier?post=9427"}],"curies":[{"name":"wp","href":"https:\/\/api.w.org\/{rel}","templated":true}]}}