{"id":9123,"date":"2006-06-09T00:00:00","date_gmt":"2006-06-08T22:00:00","guid":{"rendered":"http:\/\/www.bio-based.eu\/news\/index.php?startid=20060609-05n"},"modified":"2006-06-09T00:00:00","modified_gmt":"2006-06-08T22:00:00","slug":"getreide-in-kleinfeuerungsanlagen-beitraege-der-seminarveranstaltung","status":"publish","type":"post","link":"https:\/\/renewable-carbon.eu\/news\/getreide-in-kleinfeuerungsanlagen-beitraege-der-seminarveranstaltung\/","title":{"rendered":"Getreide in Kleinfeuerungsanlagen &#8211; Beitr\u00e4ge der Seminarveranstaltung"},"content":{"rendered":"<p><b>Die Beitr\u00e4ge der Seminarveranstaltung &#8220;Energetische Nutzung von Getreide und alternativen Biobrennstoffen in Kleinfeuerungsanlagen&#8221; am 11. Mai 2006 in Berlin nebst einer Zusammenfassung der Diskussion stehen jetzt unter <a href=\"http:\/\/www.fnr-server.de\/pdf\/literatur\/pdf_234getreideverbrennung2006.html\" >www.fnr.de<\/a> sowie hier im Anschluss zum Download als PDF zur Verf\u00fcgung.<\/b> <\/p>\n<p>Sie zeigen auf, dass die Emissionen bei der Verbrennung von Getreide in modernen Kesseln den Anforderungen der 1. BImSchV grunds\u00e4tzlich gerecht werden kann. Damit gelten die Ergebnisse als ma\u00dfgebliche Grundlage f\u00fcr die von der Umweltministerkonferenz aufgegriffene Diskussion, die 1. BImSchV stufenweise so zu \u00e4ndern, dass Getreide als Brennstoff in Kleinfeuerungsanlagen unter Beachtung strenger Emissionsauflagen zugelassen wird.<\/p>\n<p><b>Beitr\u00e4ge Seminarveranstaltung &#8220;Energetische Nutzung von Getreide und alternativen Biobrennstoffen in Kleinfeuerungsanlagen&#8221; am 11. Mai 2006 in der Landesvertretung des Freistaats Th\u00fcringen, Berlin:<\/b><\/p>\n<p><a href=\"https:\/\/renewable-carbon.eu\/news\/wp-content\/uploads\/news-images\/20060609-05\/Vetter.pdf\" >Gesetzliche Rahmenbedingungen und Entwicklungsstand der energetischen Nutzung von Biobrennstoffen wie z.B. Getreide<\/a> (Herr Dr. Vetter, TLL)<\/p>\n<p><a href=\"https:\/\/renewable-carbon.eu\/news\/wp-content\/uploads\/news-images\/20060609-05\/Dr_Schuette.pdf\" >Darstellung der Zielstellungen und Schwerpunkte von Projekten zur energetischen Nutzung von Getreide und alternativen Biobrennstoffen<\/a>, (Herr Dr. Sch\u00fctte, FNR)<\/p>\n<p><a href=\"https:\/\/renewable-carbon.eu\/news\/wp-content\/uploads\/news-images\/20060609-05\/Hering.pdf\" >Stand der Felduntersuchungen mit Kleinfeuerungsanlagen mit Biobrennstoffen<\/a> (Herr Hering, TLL)<\/p>\n<p><a href=\"https:\/\/renewable-carbon.eu\/news\/wp-content\/uploads\/news-images\/20060609-05\/sehn.pdf\" >Entwicklung einer Low-NOx -Feuerung zur Verbrennung von Getreide und<br \/>halmgutartigen Bioenergietr\u00e4gern nach dem FLOX-Prinzip<\/a> (FH Bingen)<\/p>\n<p><a href=\"https:\/\/renewable-carbon.eu\/news\/wp-content\/uploads\/news-images\/20060609-05\/mocker.pdf\" >Entwicklung einer Kleinfeuerungsanlage f\u00fcr Getreide und Stroh<\/a> (Herr Dr. Mocker, Entwicklungszentrum ATZ; Herr  Berger, FH Amberg-Weiden)<\/p>\n<p><a href=\"https:\/\/renewable-carbon.eu\/news\/wp-content\/uploads\/news-images\/20060609-05\/Vorstellung_ILK.pdf\" >Portr\u00e4t Institut f\u00fcr Luft und K\u00e4ltetechnik, Dresden<\/a> (Herr Heidenreich, ILK)<\/p>\n<p><a href=\"https:\/\/renewable-carbon.eu\/news\/wp-content\/uploads\/news-images\/20060609-05\/behnke.pdf\" >Novellierung der 1.BImSchV \u2013 erste fachliche \u00dcberlegungen<\/a> (Frau Anja Behnke, Umweltbundesamt)<\/p>\n<p><a href=\"https:\/\/renewable-carbon.eu\/news\/wp-content\/uploads\/news-images\/20060609-05\/zusammenfassung.pdf\" >Zusammenfassung<\/a> (Herr Dr. Stanev, FNR)<\/p>\n<p>(Vgl. Meldung vom <a href=\"https:\/\/renewable-carbon.eu\/news\/getreide-als-brennstoff-was-ist-erlaubt-lohnt-sich-das\/\" >2006-05-12<\/a>.)<\/p>\n","protected":false},"excerpt":{"rendered":"<p><b>Die Beitr&auml;ge der Seminarveranstaltung &#8220;Energetische Nutzung von Getreide und alternativen Biobrennstoffen in Kleinfeuerungsanlagen&#8221; am 11. Mai 2006 in Berlin nebst einer Zusammenfassung der Diskussion stehen<\/b><\/p>\n","protected":false},"author":3,"featured_media":0,"comment_status":"closed","ping_status":"closed","sticky":false,"template":"","format":"standard","meta":{"_seopress_robots_primary_cat":"","nova_meta_subtitle":"","footnotes":""},"categories":[5572],"tags":[],"supplier":[],"class_list":["post-9123","post","type-post","status-publish","format-standard","hentry","category-bio-based"],"_links":{"self":[{"href":"https:\/\/renewable-carbon.eu\/news\/wp-json\/wp\/v2\/posts\/9123","targetHints":{"allow":["GET"]}}],"collection":[{"href":"https:\/\/renewable-carbon.eu\/news\/wp-json\/wp\/v2\/posts"}],"about":[{"href":"https:\/\/renewable-carbon.eu\/news\/wp-json\/wp\/v2\/types\/post"}],"author":[{"embeddable":true,"href":"https:\/\/renewable-carbon.eu\/news\/wp-json\/wp\/v2\/users\/3"}],"replies":[{"embeddable":true,"href":"https:\/\/renewable-carbon.eu\/news\/wp-json\/wp\/v2\/comments?post=9123"}],"version-history":[{"count":0,"href":"https:\/\/renewable-carbon.eu\/news\/wp-json\/wp\/v2\/posts\/9123\/revisions"}],"wp:attachment":[{"href":"https:\/\/renewable-carbon.eu\/news\/wp-json\/wp\/v2\/media?parent=9123"}],"wp:term":[{"taxonomy":"category","embeddable":true,"href":"https:\/\/renewable-carbon.eu\/news\/wp-json\/wp\/v2\/categories?post=9123"},{"taxonomy":"post_tag","embeddable":true,"href":"https:\/\/renewable-carbon.eu\/news\/wp-json\/wp\/v2\/tags?post=9123"},{"taxonomy":"supplier","embeddable":true,"href":"https:\/\/renewable-carbon.eu\/news\/wp-json\/wp\/v2\/supplier?post=9123"}],"curies":[{"name":"wp","href":"https:\/\/api.w.org\/{rel}","templated":true}]}}