{"id":9033,"date":"2006-05-30T00:00:00","date_gmt":"2006-05-29T22:00:00","guid":{"rendered":"http:\/\/www.bio-based.eu\/news\/index.php?startid=20060530-06n"},"modified":"2018-02-20T13:12:18","modified_gmt":"2018-02-20T12:12:18","slug":"paziorek-praesentiert-rennwagen-aus-biologischen-verbundstoffen","status":"publish","type":"post","link":"https:\/\/renewable-carbon.eu\/news\/paziorek-praesentiert-rennwagen-aus-biologischen-verbundstoffen\/","title":{"rendered":"Paziorek pr\u00e4sentiert Rennwagen aus biologischen Verbundstoffen"},"content":{"rendered":"<p><img decoding=\"async\" style=\"margin-left: 10px;\" src=\"https:\/\/renewable-carbon.eu\/news\/wp-content\/uploads\/news-images\/20060530-06\/Smudo_Enthuellung_190.jpg\" alt=\"\" align=\"right\" border=\"0\" \/><b>Der Musiker und Rennfahrer Smudo geht in dieser Saison f\u00fcr nachwachsende Rohstoffe an den Start. Sein BioConceptCar l\u00e4uft nicht nur mit Biodiesel, die Karosserie ist au\u00dferdem aus Bioverbundwerkstoff hergestellt. Das <a href=\"http:\/\/www.bmelv.de\/\">Bundesministerium f\u00fcr Ern\u00e4hrung, Landwirtschaft und Verbraucherschutz<\/a> hat die Entwicklung dieses Materials ma\u00dfgeblich finanziell unterst\u00fctzt. Der Parlamentarische Staatssekret\u00e4r Dr. Peter Paziorek stellte den schnittiger Ford Mustang am 29. Mai 2006 der \u00d6ffentlichkeit vor.<\/b><\/p>\n<p>&#8220;Hiermit gehen Nachwachsende Rohstoffe erstmals auch in Extrembereichen ins Rennen&#8221; betonte Paziorek, und das nicht etwa nur, weil Umweltschutz im Trend l\u00e4ge, sondern weil Bioverbundwerkstoff technische Vorteile hat: Der technische Clou sind die naturfaserverst\u00e4rkten Kunststoffe aus Flachs und Lein\u00f6l-Acrylat, die der Au\u00dfenh\u00fclle des Wagens die erforderliche Stabilit\u00e4t geben. Wissenschaftler der <a href=\"http:\/\/www.invent-gmbh.de\/\">INVENT-GmbH<\/a> haben sie daf\u00fcr entwickelt. Die Karosserie ist durch den Bioverbundstoff aber nicht nur besonders stabil, sondern auch leichter als herk\u00f6mmliche Faserverbunde.<\/p>\n<p>&#8220;Toll ist auch, dass das BioConceptCar beim diesj\u00e4hrigen 24h-Rennen am N\u00fcrburgring auch mit dem passenden Bio-Kraftstoff an den Start geht&#8221;, lobt Paziorek. Die Union zur F\u00f6rderung von \u00d6l- und Proteinpflanzen (Ufop) stellt dem Rennteam Biodiesel aus Pflanzen\u00f6l zur Verf\u00fcgung.<\/p>\n<p>Paziorek zeigte sich beim Pressetermin \u00fcberzeugt, dass die Vorteile nachwachsender Rohstoffe zunehmend zum Tragen kommen werden. &#8220;Nachwachsende Rohstoffe k\u00f6nnen eine Antwort auf die Frage geben, wie wir mit begrenzten Rohstoffressourcen verantwortlich umgehen&#8221;, sagte der parlamentarische Staatssekret\u00e4r. Neben der energetischen Nutzung gehe es dabei auch um die so genannte stoffliche Nutzung nachwachsender Rohstoffe. Das BioConceptCar zeige eindrucksvoll, was heute bereits technologisch m\u00f6glich ist.<\/p>\n<p>Das Bundesministerium f\u00fcr Ern\u00e4hrung, Landwirtschaft und Verbraucherschutz und dessen Projekttr\u00e4ger, die <a href=\"http:\/\/www.fnr.de\/\">Fachagentur Nachwachsende Rohstoffe e.V. (FNR)<\/a>, haben in den letzten Jahren \u00fcber 40 Vorhaben zu naturfaserverst\u00e4rkten Kunststoffen und Bioverbunden unterst\u00fctzt; in mehreren Projekten gelang es, auch die Kunststoffmasse durch Biopolymere aus Pflanzen\u00f6l zu ersetzen.<\/p>\n","protected":false},"excerpt":{"rendered":"<p><b>Der Musiker und Rennfahrer Smudo geht in dieser Saison f&uuml;r nachwachsende Rohstoffe an den Start. Sein BioConceptCar l&auml;uft nicht nur mit Biodiesel, die Karosserie ist<\/b><\/p>\n","protected":false},"author":3,"featured_media":0,"comment_status":"closed","ping_status":"closed","sticky":false,"template":"","format":"standard","meta":{"_seopress_robots_primary_cat":"","nova_meta_subtitle":"","footnotes":""},"categories":[5572],"tags":[],"supplier":[],"class_list":["post-9033","post","type-post","status-publish","format-standard","hentry","category-bio-based"],"_links":{"self":[{"href":"https:\/\/renewable-carbon.eu\/news\/wp-json\/wp\/v2\/posts\/9033","targetHints":{"allow":["GET"]}}],"collection":[{"href":"https:\/\/renewable-carbon.eu\/news\/wp-json\/wp\/v2\/posts"}],"about":[{"href":"https:\/\/renewable-carbon.eu\/news\/wp-json\/wp\/v2\/types\/post"}],"author":[{"embeddable":true,"href":"https:\/\/renewable-carbon.eu\/news\/wp-json\/wp\/v2\/users\/3"}],"replies":[{"embeddable":true,"href":"https:\/\/renewable-carbon.eu\/news\/wp-json\/wp\/v2\/comments?post=9033"}],"version-history":[{"count":0,"href":"https:\/\/renewable-carbon.eu\/news\/wp-json\/wp\/v2\/posts\/9033\/revisions"}],"wp:attachment":[{"href":"https:\/\/renewable-carbon.eu\/news\/wp-json\/wp\/v2\/media?parent=9033"}],"wp:term":[{"taxonomy":"category","embeddable":true,"href":"https:\/\/renewable-carbon.eu\/news\/wp-json\/wp\/v2\/categories?post=9033"},{"taxonomy":"post_tag","embeddable":true,"href":"https:\/\/renewable-carbon.eu\/news\/wp-json\/wp\/v2\/tags?post=9033"},{"taxonomy":"supplier","embeddable":true,"href":"https:\/\/renewable-carbon.eu\/news\/wp-json\/wp\/v2\/supplier?post=9033"}],"curies":[{"name":"wp","href":"https:\/\/api.w.org\/{rel}","templated":true}]}}