{"id":8911,"date":"2006-04-26T00:00:00","date_gmt":"2006-04-25T22:00:00","guid":{"rendered":"http:\/\/www.bio-based.eu\/news\/index.php?startid=20060425-14n"},"modified":"2006-04-26T00:00:00","modified_gmt":"2006-04-25T22:00:00","slug":"tag-des-baums-mehr-baeume-fuer-die-stadt","status":"publish","type":"post","link":"https:\/\/renewable-carbon.eu\/news\/tag-des-baums-mehr-baeume-fuer-die-stadt\/","title":{"rendered":"Tag des Baums: Mehr B\u00e4ume f\u00fcr die Stadt!"},"content":{"rendered":"<p><b>&#8220;Der richtige Baum am richtigen Ort!&#8221; so lautet das Ziel des Forums &#8220;<a href=\"http:\/\/www.die-gruene-stadt.de\/\" >DIE GR\u00dcNE STADT<\/a>&#8220;. Die bundesweit t\u00e4tigen Mitglieder aus Unternehmen und Initiativen, aber auch Privatpersonen, sorgen f\u00fcr einen h\u00f6heren Stellenwert von Gr\u00fcn im innerst\u00e4dtischen Bereich, wo B\u00e4ume zunehmend nur noch als Kostenfaktor im Haushaltsplan behandelt werden.<\/b> <\/p>\n<p>Klar, die Gr\u00fcnpflege kostet Geld, doch B\u00e4ume bieten Vorz\u00fcge, deren Nutzen sich nur bedingt monet\u00e4r darstellen l\u00e4sst: &#8220;Ein einziger Baum produziert in 24 Stunden etwa 13 kg Sauerstoff \u2013 und damit den Tagesbedarf von zehn Menschen. Gleichzeitig verdunstet er etwa 400 Liter Wasser.&#8221;, so Peter Menke, Sprecher des Forums. Zudem bindet ein Baum  t\u00e4glich etwa 18 kg Kohlendioxid und filtert Feinstaub aus der Luft. Gerade in der Feinstaubproblematik und in der Diskussion um Wald als CO<sub>2<\/sub>-Senke im Emissionshandel sind letztere Eigenschaften der B\u00e4ume in den Fokus der Politik gelangt.<\/p>\n<p>Menke kritisiert, dass in den immer wieder bem\u00fchten &#8220;Zeiten knapper Kassen&#8221; viele kommunale Entscheidungstr\u00e4ger die positive Wirkung von innerst\u00e4dtischem Gr\u00fcn auf das Wohlbefinden und auf das Sozialgef\u00fcge der Bewohner nicht gen\u00fcgend ber\u00fccksichtigen. Gr\u00fcne Stadtteile seien friedlicher, ges\u00fcnder und wirtschaftlich erfolgreicher, als graue Quartiere, so Menke. Die B\u00fcrger f\u00fchlen sich dort wohler und identifizieren sich st\u00e4rker mit ihrer Wohnumgebung. Das zahlt sich wiederum f\u00fcr das &#8220;Stadts\u00e4ckel&#8221; aus: Investoren reagieren auf attraktive Standorte und auch die positiven Auswirkungen auf das Stadtmarketing und den Tourismus sind offensichtlich.<\/p>\n<p>Die Initiative geht noch einen Schritt weiter und propagiert die positive Wirkung von Gr\u00fcnpflanzen in den Unternehmen, am Arbeitsplatz. Mitarbeiter sind ges\u00fcnder, motivierter und schlie\u00dflich leistungsf\u00e4higer.<\/p>\n<p><b>B\u00e4ume f\u00fcr alle!<\/b><\/p>\n<p>F\u00fcr dieses Engagement wurde das stetig wachsende Netzwerk am 14. Februar 2006 im Wettbewerb &#8220;<a href=\"http:\/\/www.land-der-ideen.de\/\" >365-Orte im Land der Ideen<\/a>&#8221; ausgezeichnet. Eine W\u00fcrdigung, die das Forum DIE GR\u00dcNE STADT inspirierte, allen 364 anderen Gewinnern des Wettbewerbs jeweils den richtigen Baum f\u00fcr Ihren Ort, Ihr Unternehmen, zu schenken! <\/p>\n<p>Seitdem beteiligen sich bundesweit Baumschulen, Garten- und Landschaftsbaubetriebe mit Baumspenden, Beratung und Pflanzaktionen. \u00dcber 170 B\u00e4ume wurden schon angefragt, die Pflanzungen laufen noch bis zum Ende des Jahres.<\/p>\n<p>Besonders eindrucksvoll war eine Pflanzaktion in Bonn am Tag des Baumes, dem 24. April, als zehn ortsans\u00e4ssige Gewinner gemeinsam sieben Stieleichen am Platz der Vereinten Nationen pflanzten. Eine Aktion voller Symbolkraft, war es doch die <a href=\"http:\/\/www.fao.com\/\" >Food and Agriculture Organization (FAO)<\/a> der Vereinten Nationen, die 1951 den amerikanischen Gedanken vom Tag des Baumes zu einen internationalen Gedenktag emporgehoben hat.<\/p>\n<p>Dr. Volker Kegel, Umweltdezernent der Bundesstadt am Rhein, und Franz-Josef Conrad von der Deutschen Bank, die den bundesweiten Wettbewerb sponsert, lobten dar\u00fcber hinaus die Baumpflanzaktion als Symbol f\u00fcr die Innovationsfreude und Leistungsf\u00e4higkeit des Landes. Oder kurz: Gr\u00fcn lohnt!<\/p>\n<p><b>Der Tag des Baumes<\/b><\/p>\n<p><b>Andere Festtage dienen der Erinnerung, der Tag des Baumes weist in die Zukunft!<\/b><br \/><i>(Julius Sterling Morton 1872)<\/i><\/p>\n<p>Anfang 1872 fasste der amerikanische Journalist Julius Sterling Morton seine Erkenntnisse zum Erosionsschutz und anderen positiven Eigenschaften von B\u00e4umen in seiner &#8220;Arbor Day-Resolution&#8221; zusammen, in der er einen j\u00e4hrlichen &#8220;Tag des Baumes&#8221; forderte. Nach der Regierung von Nebraska (1872) stimmten nach und nach alle Staaten der USA zu und pflanzen seitdem an diesem Tag zahllose B\u00e4ume. <\/p>\n<p>In Deutschland wird der &#8220;Tag des Baumes&#8221; seit mehr als 50 Jahren begangen. Am 25. April 1952 pflanzte der damalige Bundespr\u00e4sident Theodor Heuss zusammen mit dem Pr\u00e4sidenten der <a href=\"http:\/\/www.sdw.de\/\" >Schutzgemeinschaft Deutscher Wald<\/a> (SDW), dem Bundesinnenminister Dr. Robert Lehr, im Bonner Hofgarten einen Ahorn. <\/p>\n<p>Damit war das Datum f\u00fcr den &#8220;Tag des Baumes&#8221; bestimmt. Zahlreiche Veranstaltungen zum Schutz der B\u00e4ume werden seitdem von der SDW sowie von St\u00e4dten, Gemeinden, Forst\u00e4mtern und privaten Initiativen am 25. April jeden Jahres durchgef\u00fchrt. Dank vieler helfender H\u00e4nde und durch finanzielle Unterst\u00fctzung von Sponsoren und Spendern wurden bisher bei diesen Aktionen \u00fcber 1 Million B\u00e4ume gepflanzt.<\/p>\n<p>In diesem Jahr pflanzte Bundeskanzlerin Angela Merkel zusammen mit Dr. Wolfgang von Geldern, dem Pr\u00e4sidenten der Schutzgemeinschaft Deutscher Wald, in der N\u00e4he des Jagdschlosses Grunewald eine Schwarzpappel, Baum des Jahres 2006, als Auftakt einer bundesweiten Aktion f\u00fcr die vom Aussterben bedrohte Baumart.<\/p>\n","protected":false},"excerpt":{"rendered":"<p><b>&#8220;Der richtige Baum am richtigen Ort!&#8221; so lautet das Ziel des Forums &#8220;DIE GR&Uuml;NE STADT&#8221;. Die bundesweit t&auml;tigen Mitglieder aus Unternehmen und Initiativen, aber auch<\/b><\/p>\n","protected":false},"author":3,"featured_media":0,"comment_status":"closed","ping_status":"closed","sticky":false,"template":"","format":"standard","meta":{"_seopress_robots_primary_cat":"","nova_meta_subtitle":"","footnotes":""},"categories":[5572],"tags":[],"supplier":[],"class_list":["post-8911","post","type-post","status-publish","format-standard","hentry","category-bio-based"],"_links":{"self":[{"href":"https:\/\/renewable-carbon.eu\/news\/wp-json\/wp\/v2\/posts\/8911","targetHints":{"allow":["GET"]}}],"collection":[{"href":"https:\/\/renewable-carbon.eu\/news\/wp-json\/wp\/v2\/posts"}],"about":[{"href":"https:\/\/renewable-carbon.eu\/news\/wp-json\/wp\/v2\/types\/post"}],"author":[{"embeddable":true,"href":"https:\/\/renewable-carbon.eu\/news\/wp-json\/wp\/v2\/users\/3"}],"replies":[{"embeddable":true,"href":"https:\/\/renewable-carbon.eu\/news\/wp-json\/wp\/v2\/comments?post=8911"}],"version-history":[{"count":0,"href":"https:\/\/renewable-carbon.eu\/news\/wp-json\/wp\/v2\/posts\/8911\/revisions"}],"wp:attachment":[{"href":"https:\/\/renewable-carbon.eu\/news\/wp-json\/wp\/v2\/media?parent=8911"}],"wp:term":[{"taxonomy":"category","embeddable":true,"href":"https:\/\/renewable-carbon.eu\/news\/wp-json\/wp\/v2\/categories?post=8911"},{"taxonomy":"post_tag","embeddable":true,"href":"https:\/\/renewable-carbon.eu\/news\/wp-json\/wp\/v2\/tags?post=8911"},{"taxonomy":"supplier","embeddable":true,"href":"https:\/\/renewable-carbon.eu\/news\/wp-json\/wp\/v2\/supplier?post=8911"}],"curies":[{"name":"wp","href":"https:\/\/api.w.org\/{rel}","templated":true}]}}