{"id":8808,"date":"2006-01-11T00:00:00","date_gmt":"2006-01-10T22:00:00","guid":{"rendered":"http:\/\/www.bio-based.eu\/news\/index.php?startid=20060111-06n"},"modified":"2006-01-11T00:00:00","modified_gmt":"2006-01-10T22:00:00","slug":"nova-buchbesprechung-holzwirtschaft-sterreichs-ein-rckblick-auf-die-letzten-60-jahre-2005","status":"publish","type":"post","link":"https:\/\/renewable-carbon.eu\/news\/nova-buchbesprechung-holzwirtschaft-sterreichs-ein-rckblick-auf-die-letzten-60-jahre-2005\/","title":{"rendered":"nova-Buchbesprechung: &#8220;Holzwirtschaft &Ouml;sterreichs &ndash; ein R&uuml;ckblick auf die letzten 60 Jahre (2005)&#8221;"},"content":{"rendered":"<p><b>Die \u00d6sterreichische Holzwirtschaft z\u00e4hlt heute zur den wichtigsten Wirtschaftsbranchen in \u00d6sterreich und ist international in vielen technischen Thematiken f\u00fchrend.<\/b><\/p>\n<p>Den schweren Weg der Holzwirtschaft vom reinen Baustofflieferanten nach dem Ende des zweiten Weltkrieges bis zum heutigen, hohen Niveau in Wirtschaft, Technologie und Design schildern Pers\u00f6nlichkeiten, die durch ihr berufliches Engagement &#8211; und weit dar\u00fcber hinaus &#8211; an der jetzigen Bedeutung des Holzes in Forst und Industrie mitgewirkt haben:<\/p>\n<p>Erwin Berghammer, Armin Biedermann, Franz Binder, Ernst Buchacher, Peter Deringer, Walter Dermuth, Helmuth Fritz, Herbert Habersatter, Rupert Hatschek, Michael Jenewein, Gerhard Kruppa, Herbert Kulterer, Erwin Nie\u00dflein, Johann Santner, Herbert Scheiring, Stefan Schwaiger, Franz Schweighof, Franz Solar, Gerhard Stindl, Wolfgang Teischinger, Friedrich Wassipaul, Richard Wurz und Helmuth Neuner. <\/p>\n<p>Sie alle offenbaren als Zeitzeugen in tiefgr\u00fcndigen Berichten ihren beruflichen Werdegang und die Entwicklung ihrer Firmen. Sie vertreten ihre Unternehmensphilosophie und scheuen sich nicht, auch auf R\u00fcckschl\u00e4ge hinzuweisen \u2013 immer mit der Gewissheit: Nach jedem Tief kommt wieder ein Hoch \u2013 wie beim Wetter. <\/p>\n<p>Alfred Teischinger und Robert Stingl liefern eine umfangreiche Chronik der \u00d6sterreichischen Holzwirtschaft von 1945 bis 2004. Die Herausgeber wollen jedoch nicht allein die Vergangenheit dokumentieren, sondern sie wollen Mut machen, neue Wege in der Holzwirtschaft zu beschreiten und aktiv Wirtschaft, Forschung und Gesellschaft zu gestalten.<\/p>\n<p>Der sehr lesenswerte Textteil wird durch zahlreiche schwarz-wei\u00df Bilder und ausgew\u00e4hlte Tabellen aus 60 Jahren Holzwirtschaft erg\u00e4nzt. Zitate von Seneca bis Einstein schm\u00fccken die Passagen aus, tabellarische Lebensl\u00e4ufe aller Pers\u00f6nlichkeiten vervollst\u00e4ndigen den Band. Text und Zusammenfassung sind in deutscher Sprache.<\/p>\n<p><img SRC=\"https:\/\/renewable-carbon.eu\/news\/wp-content\/uploads\/news-images\/20060111-06\/e86160a749.jpg\" align=\"left\" style=\"margin-right:10px;\" BORDER=\"0\" ALT=\"\"\/>Das Buch &#8220;<a href=\"http:\/\/www.map.boku.ac.at\/4223.html\" >Holzwirtschaft \u00d6sterreichs \u2013 ein R\u00fcckblick auf die letzten 60 Jahre<\/a>&#8220;, (Alfred Teischinger\/ BOKU Wien und R\u00fcdiger Lex\/ proHolz Tirol (Hrsg.)), 25 Beitr\u00e4ge, 196 Seiten,  24 s\/w-Abb. und 2 Tabellen, DIN A5, ISSN: 1681-2808, erschienen 2005 in der Reihe &#8220;Lignovisionen&#8221;, Band 6 (1. Auflage), ist bei der Universit\u00e4t f\u00fcr Bodenkultur Wien erschienen und dort f\u00fcr 38,- EUR (zzgl. Versand) zu erwerben.<br style=\"clear:left;\"\/><br \/><b>Downloads<\/b><br \/><a href=\"https:\/\/renewable-carbon.eu\/news\/wp-content\/uploads\/news-images\/20060111-06\/Inhalt_LIG_6.pdf\" ><\/p>\n<ul>\n<li>Inhaltsverzeichnis zu den LIGNOVISIONEN Band 6<\/li>\n<\/ul>\n<p><\/a><br \/><a href=\"https:\/\/renewable-carbon.eu\/news\/wp-content\/uploads\/news-images\/20060111-06\/Lig_6_Einleitung.pdf\" ><\/p>\n<li>Einleitung von Alfred Teischinger und R\u00fcdiger Lex<\/li>\n<p><\/a><br \/><a href=\"https:\/\/renewable-carbon.eu\/news\/wp-content\/uploads\/news-images\/20060111-06\/LIG_6_Neuner.pdf\" ><\/p>\n<li>Nachwort von Helmuth Neuner<\/li>\n<p><\/a><b>Bestelladresse<\/b><br \/>Universit\u00e4t f\u00fcr Bodenkultur<br \/>Institut f\u00fcr Holzforschung (ihf)<br \/>Peter Jordan-Stra\u00dfe 82<br \/>A-1190 Wien, \u00d6sterreich<br \/>Tel: +43-(0)1-47654-4250<br \/>Fax: +43-(0)1-47654-4295<br \/><a href=\"mailto:ihf@mail.boku.ac.at\">ihf@mail.boku.ac.at<\/a><\/p>\n","protected":false},"excerpt":{"rendered":"<p><b>Die &Ouml;sterreichische Holzwirtschaft z&auml;hlt heute zur den wichtigsten Wirtschaftsbranchen in &Ouml;sterreich und ist international in vielen technischen Thematiken f&uuml;hrend.<\/b><\/p>\n<p>Den schweren Weg der Holzwirtschaft<\/p>\n","protected":false},"author":3,"featured_media":0,"comment_status":"closed","ping_status":"closed","sticky":false,"template":"","format":"standard","meta":{"_seopress_robots_primary_cat":"","nova_meta_subtitle":"","footnotes":""},"categories":[5572],"tags":[],"supplier":[],"class_list":["post-8808","post","type-post","status-publish","format-standard","hentry","category-bio-based"],"_links":{"self":[{"href":"https:\/\/renewable-carbon.eu\/news\/wp-json\/wp\/v2\/posts\/8808","targetHints":{"allow":["GET"]}}],"collection":[{"href":"https:\/\/renewable-carbon.eu\/news\/wp-json\/wp\/v2\/posts"}],"about":[{"href":"https:\/\/renewable-carbon.eu\/news\/wp-json\/wp\/v2\/types\/post"}],"author":[{"embeddable":true,"href":"https:\/\/renewable-carbon.eu\/news\/wp-json\/wp\/v2\/users\/3"}],"replies":[{"embeddable":true,"href":"https:\/\/renewable-carbon.eu\/news\/wp-json\/wp\/v2\/comments?post=8808"}],"version-history":[{"count":0,"href":"https:\/\/renewable-carbon.eu\/news\/wp-json\/wp\/v2\/posts\/8808\/revisions"}],"wp:attachment":[{"href":"https:\/\/renewable-carbon.eu\/news\/wp-json\/wp\/v2\/media?parent=8808"}],"wp:term":[{"taxonomy":"category","embeddable":true,"href":"https:\/\/renewable-carbon.eu\/news\/wp-json\/wp\/v2\/categories?post=8808"},{"taxonomy":"post_tag","embeddable":true,"href":"https:\/\/renewable-carbon.eu\/news\/wp-json\/wp\/v2\/tags?post=8808"},{"taxonomy":"supplier","embeddable":true,"href":"https:\/\/renewable-carbon.eu\/news\/wp-json\/wp\/v2\/supplier?post=8808"}],"curies":[{"name":"wp","href":"https:\/\/api.w.org\/{rel}","templated":true}]}}