{"id":86563,"date":"2021-03-19T07:26:23","date_gmt":"2021-03-19T06:26:23","guid":{"rendered":"https:\/\/renewable-carbon.eu\/news\/?p=86563"},"modified":"2021-03-18T14:16:53","modified_gmt":"2021-03-18T13:16:53","slug":"avk-innovationspreis-2021-ausschreibung-startet","status":"publish","type":"post","link":"https:\/\/renewable-carbon.eu\/news\/avk-innovationspreis-2021-ausschreibung-startet\/","title":{"rendered":"AVK-Innovationspreis 2021 \u2013 Ausschreibung startet"},"content":{"rendered":"<p><img loading=\"lazy\" decoding=\"async\" class=\"alignnone  wp-image-86565\" src=\"https:\/\/renewable-carbon.eu\/news\/wp-content\/uploads\/2021\/03\/Bildschirmfoto-2021-03-18-um-13.39.33.png\" alt=\"Bildschirmfoto 2021-03-18 um 13.39.33\" width=\"562\" height=\"295\" srcset=\"https:\/\/renewable-carbon.eu\/news\/media\/2021\/03\/Bildschirmfoto-2021-03-18-um-13.39.33.png 699w, https:\/\/renewable-carbon.eu\/news\/media\/2021\/03\/Bildschirmfoto-2021-03-18-um-13.39.33-300x158.png 300w, https:\/\/renewable-carbon.eu\/news\/media\/2021\/03\/Bildschirmfoto-2021-03-18-um-13.39.33-600x315.png 600w\" sizes=\"auto, (max-width: 562px) 100vw, 562px\" \/><\/p>\n<p><strong>Die AVK &#8211; Industrievereinigung Verst\u00e4rkte Kunststoffe e.V. bittet um Bewerbungen zum renommierten AVK Innovationspreis 2021 f\u00fcr den Bereich Faserverst\u00e4rkte Kunststoffe (FVK) \/ Composites in folgenden Kategorien:<\/strong><\/p>\n<ul>\n<li><strong>Innovative Produkte\/Bauteile bzw. Anwendungen<\/strong><\/li>\n<li><strong>Innovative Prozesse bzw. Verfahren<\/strong><\/li>\n<li><strong>Forschung und Wissenschaft\u00a0<\/strong><\/li>\n<\/ul>\n<p>Ein Ziel des Innovationspreises ist die F\u00f6rderung neuer Produkte\/Bauteile bzw. Anwendungen aus faserverst\u00e4rkten Kunststoffen (FVK) sowie die F\u00f6rderung neuer Verfahren bzw. Prozesse zur Herstellung dieser FVK-Produkte. Ein weiterer Preis geht an Universit\u00e4ten, Hochschulen und Institute f\u00fcr herausragende wissenschaftliche Arbeiten in Forschung und Wissenschaft. In allen Kategorien wird besonderer Wert auf das Thema \u201eNachhaltigkeit\u201c gelegt. Ein wichtiges Ziel ist es, die Innovationen sowie die dahinterstehenden Firmen\/Institutionen auszuzeichnen und so die Leistungsf\u00e4higkeit der gesamten Composites-Industrie \u00f6ffentlichkeitswirksam darzustellen. Bewertet werden die Einreichungen von einer hochkar\u00e4tigen Jury von Experten aus dem Composites-Bereich.<\/p>\n<p>Der Einsendeschluss f\u00fcr die Bewerbungsunterlagen ist der 16. April 2021. N\u00e4here Angaben und Bewertungskriterien finden Sie unter: <a href=\"https:\/\/www.avk-tv.de\/innovationaward.php\" target=\"_blank\">https:\/\/www.avk-tv.de\/innovationaward.php<\/a><\/p>\n<p>Die Preisverleihung findet im Herbst 2021 statt.<\/p>\n","protected":false},"excerpt":{"rendered":"<p>Die AVK &#8211; Industrievereinigung Verst\u00e4rkte Kunststoffe e.V. bittet um Bewerbungen zum renommierten AVK Innovationspreis 2021 f\u00fcr den Bereich Faserverst\u00e4rkte Kunststoffe (FVK) \/ Composites in folgenden Kategorien: Innovative Produkte\/Bauteile bzw. Anwendungen Innovative Prozesse bzw. Verfahren Forschung und Wissenschaft\u00a0 Ein Ziel des Innovationspreises ist die F\u00f6rderung neuer Produkte\/Bauteile bzw. Anwendungen aus faserverst\u00e4rkten Kunststoffen (FVK) sowie die F\u00f6rderung [&#8230;]<\/p>\n","protected":false},"author":59,"featured_media":0,"comment_status":"closed","ping_status":"closed","sticky":false,"template":"","format":"standard","meta":{"_seopress_robots_primary_cat":"","nova_meta_subtitle":"","footnotes":""},"categories":[5572],"tags":[10608,13076,10719],"supplier":[21411],"class_list":["post-86563","post","type-post","status-publish","format-standard","hentry","category-bio-based","tag-biooekonomie","tag-composite","tag-naturfasern","supplier-avk-industrievereinigung-verstarkte-kunststoffe-e-v"],"_links":{"self":[{"href":"https:\/\/renewable-carbon.eu\/news\/wp-json\/wp\/v2\/posts\/86563","targetHints":{"allow":["GET"]}}],"collection":[{"href":"https:\/\/renewable-carbon.eu\/news\/wp-json\/wp\/v2\/posts"}],"about":[{"href":"https:\/\/renewable-carbon.eu\/news\/wp-json\/wp\/v2\/types\/post"}],"author":[{"embeddable":true,"href":"https:\/\/renewable-carbon.eu\/news\/wp-json\/wp\/v2\/users\/59"}],"replies":[{"embeddable":true,"href":"https:\/\/renewable-carbon.eu\/news\/wp-json\/wp\/v2\/comments?post=86563"}],"version-history":[{"count":0,"href":"https:\/\/renewable-carbon.eu\/news\/wp-json\/wp\/v2\/posts\/86563\/revisions"}],"wp:attachment":[{"href":"https:\/\/renewable-carbon.eu\/news\/wp-json\/wp\/v2\/media?parent=86563"}],"wp:term":[{"taxonomy":"category","embeddable":true,"href":"https:\/\/renewable-carbon.eu\/news\/wp-json\/wp\/v2\/categories?post=86563"},{"taxonomy":"post_tag","embeddable":true,"href":"https:\/\/renewable-carbon.eu\/news\/wp-json\/wp\/v2\/tags?post=86563"},{"taxonomy":"supplier","embeddable":true,"href":"https:\/\/renewable-carbon.eu\/news\/wp-json\/wp\/v2\/supplier?post=86563"}],"curies":[{"name":"wp","href":"https:\/\/api.w.org\/{rel}","templated":true}]}}