{"id":85892,"date":"2021-03-05T07:26:46","date_gmt":"2021-03-05T06:26:46","guid":{"rendered":"https:\/\/renewable-carbon.eu\/news\/?p=85892"},"modified":"2021-03-02T14:34:48","modified_gmt":"2021-03-02T13:34:48","slug":"nova-institut-einstufung-von-pha-als-einwegkunststoff-ein-desaster-fuer-die-junge-branche","status":"publish","type":"post","link":"https:\/\/renewable-carbon.eu\/news\/nova-institut-einstufung-von-pha-als-einwegkunststoff-ein-desaster-fuer-die-junge-branche\/","title":{"rendered":"nova-Institut: Einstufung von PHA als Einwegkunststoff ein \u201eDesaster\u201c f\u00fcr die junge Branche"},"content":{"rendered":"<p>Sollten die Leitlinien der EU-Kommission zur Einwegkunststoffrichtlinie (SUPD) in der aktuellen Entwurfsfassung beibehalten werden, so k\u00f6nnte dies erhebliche Folgen f\u00fcr einzelne Biokunststoffe und cellulosebasierte Produkte nach sich ziehen.<\/p>\n<p>Dieses Fazit zieht Michael Carus, Gr\u00fcnder und CEO des nova-Instituts. Als \u201ebesonders bedauerlich\u201c bezeichnet er im Gespr\u00e4ch mit dem EUWID beispielsweise die Entscheidung der EU-Kommission, PHAs (Polyhydroxyalkanoate) nicht als nat\u00fcrliche Polymere anzuerkennen. Mit dieser Einstufung f\u00e4llt die Gruppe von Biopolymeren unter die Kunststoff-Definition der europ\u00e4ischen Einwegkunststoffrichtlinie.<\/p>\n<p>Carus sieht in dieser Klassifizierung nicht nur ein \u201eDesaster f\u00fcr die noch junge PHA-Branche\u201c, sondern unter anderem auch ein Problem f\u00fcr die Papierindustrie, die nach biobasierten Alternativen zu herk\u00f6mmlichen Polymerbeschichtungen sucht, etwa f\u00fcr Getr\u00e4nkebecher.<\/p>\n<p>&nbsp;<\/p>\n<p>Den ausf\u00fchrlichen Artikel\u00a0lesen Abonnenten in EUWID Verpackung. Die w\u00f6chentlich als Printausgabe und E-Paper erscheinende Fachzeitschrift informiert Leser kompakt \u00fcber die relevanten Entwicklungen auf dem deutschen sowie benachbarten Verpackungsm\u00e4rkten.<\/p>\n","protected":false},"excerpt":{"rendered":"<p>Sollten die Leitlinien der EU-Kommission zur Einwegkunststoffrichtlinie (SUPD) in der aktuellen Entwurfsfassung beibehalten werden, so k\u00f6nnte dies erhebliche Folgen f\u00fcr einzelne Biokunststoffe und cellulosebasierte Produkte nach sich ziehen. Dieses Fazit zieht Michael Carus, Gr\u00fcnder und CEO des nova-Instituts. Als \u201ebesonders bedauerlich\u201c bezeichnet er im Gespr\u00e4ch mit dem EUWID beispielsweise die Entscheidung der EU-Kommission, PHAs (Polyhydroxyalkanoate) [&#8230;]<\/p>\n","protected":false},"author":59,"featured_media":0,"comment_status":"closed","ping_status":"closed","sticky":false,"template":"","format":"standard","meta":{"_seopress_robots_primary_cat":"","nova_meta_subtitle":"","footnotes":""},"categories":[5572],"tags":[10763,6162,11841,12344],"supplier":[1440,4],"class_list":["post-85892","post","type-post","status-publish","format-standard","hentry","category-bio-based","tag-biokunststoffe","tag-cellulose","tag-kreislaufwirtschaft","tag-verpackungen","supplier-europaeischer-wirtschaftsdienst-gmbh-euwid","supplier-nova-institut-gmbh"],"_links":{"self":[{"href":"https:\/\/renewable-carbon.eu\/news\/wp-json\/wp\/v2\/posts\/85892","targetHints":{"allow":["GET"]}}],"collection":[{"href":"https:\/\/renewable-carbon.eu\/news\/wp-json\/wp\/v2\/posts"}],"about":[{"href":"https:\/\/renewable-carbon.eu\/news\/wp-json\/wp\/v2\/types\/post"}],"author":[{"embeddable":true,"href":"https:\/\/renewable-carbon.eu\/news\/wp-json\/wp\/v2\/users\/59"}],"replies":[{"embeddable":true,"href":"https:\/\/renewable-carbon.eu\/news\/wp-json\/wp\/v2\/comments?post=85892"}],"version-history":[{"count":0,"href":"https:\/\/renewable-carbon.eu\/news\/wp-json\/wp\/v2\/posts\/85892\/revisions"}],"wp:attachment":[{"href":"https:\/\/renewable-carbon.eu\/news\/wp-json\/wp\/v2\/media?parent=85892"}],"wp:term":[{"taxonomy":"category","embeddable":true,"href":"https:\/\/renewable-carbon.eu\/news\/wp-json\/wp\/v2\/categories?post=85892"},{"taxonomy":"post_tag","embeddable":true,"href":"https:\/\/renewable-carbon.eu\/news\/wp-json\/wp\/v2\/tags?post=85892"},{"taxonomy":"supplier","embeddable":true,"href":"https:\/\/renewable-carbon.eu\/news\/wp-json\/wp\/v2\/supplier?post=85892"}],"curies":[{"name":"wp","href":"https:\/\/api.w.org\/{rel}","templated":true}]}}