{"id":82846,"date":"2019-12-19T07:21:20","date_gmt":"2019-12-19T06:21:20","guid":{"rendered":"https:\/\/renewable-carbon.eu\/news\/?p=82846"},"modified":"2021-09-09T19:25:03","modified_gmt":"2021-09-09T17:25:03","slug":"kooperation-durch-transparenz-projekt-recichain-foerdert-die-abfall-wertschoepfungskette-in-brasilien","status":"publish","type":"post","link":"https:\/\/renewable-carbon.eu\/news\/kooperation-durch-transparenz-projekt-recichain-foerdert-die-abfall-wertschoepfungskette-in-brasilien\/","title":{"rendered":"Kooperation durch Transparenz: Projekt ReciChain f\u00f6rdert die Abfall-Wertsch\u00f6pfungskette in Brasilien"},"content":{"rendered":"<p><strong>In den letzten Jahren erfuhr Brasilien ein rasantes St\u00e4dtewachstum. Heute leben rund neun von zehn Einwohnern Brasiliens in St\u00e4dten. Die dabei entstehende M\u00fcllflut landete wegen der mangelhaften Entsorgungs-Infrastruktur bis vor Kurzem noch in der Umwelt oder auf illegalen Deponien. Dies schafft jedoch zugleich eine Lebensgrundlage f\u00fcr viele Menschen mit geringem Einkommen: Die sogenannten \u201eCatadores\u201c sammeln t\u00e4glich auf eigene Faust \u2013 und teilweise unter gesundheitssch\u00e4dlichen Umst\u00e4nden \u2013 wiederverwertbaren Abfall wie Aluminiumdosen, PET-Flaschen oder Elektronikteile und erhalten f\u00fcr die Materialien Verg\u00fctung bei Stoffverwertern.<\/strong><\/p>\n<figure id=\"attachment_82850\" aria-describedby=\"caption-attachment-82850\" style=\"width: 535px\" class=\"wp-caption alignnone\"><img loading=\"lazy\" decoding=\"async\" class=\"wp-image-82850\" src=\"https:\/\/renewable-carbon.eu\/news\/wp-content\/uploads\/2020\/12\/Starting-Ventures_ReciChain_Brazil.jpg.dynamic.1280w720h.032dce938ea701b352cc2c3627e2ddfc12ffbd43-1024x576.jpeg\" alt=\"Starting Ventures_ReciChain_Brazil.jpg.dynamic.1280w720h.032dce938ea701b352cc2c3627e2ddfc12ffbd43\" width=\"535\" height=\"301\" srcset=\"https:\/\/renewable-carbon.eu\/news\/media\/2020\/12\/Starting-Ventures_ReciChain_Brazil.jpg.dynamic.1280w720h.032dce938ea701b352cc2c3627e2ddfc12ffbd43-1024x576.jpeg 1024w, https:\/\/renewable-carbon.eu\/news\/media\/2020\/12\/Starting-Ventures_ReciChain_Brazil.jpg.dynamic.1280w720h.032dce938ea701b352cc2c3627e2ddfc12ffbd43-300x169.jpeg 300w, https:\/\/renewable-carbon.eu\/news\/media\/2020\/12\/Starting-Ventures_ReciChain_Brazil.jpg.dynamic.1280w720h.032dce938ea701b352cc2c3627e2ddfc12ffbd43-600x338.jpeg 600w, https:\/\/renewable-carbon.eu\/news\/media\/2020\/12\/Starting-Ventures_ReciChain_Brazil.jpg.dynamic.1280w720h.032dce938ea701b352cc2c3627e2ddfc12ffbd43.jpeg 1280w\" sizes=\"auto, (max-width: 535px) 100vw, 535px\" \/><figcaption id=\"caption-attachment-82850\" class=\"wp-caption-text\">Teilnehmer des Cicade+Recicleiros-Programms bringen gesammelten M\u00fcll an eine Wertstoff-Sammelstelle. ReciChain ist einer der Projekt-Sponsoren.<\/figcaption><\/figure>\n<p>Seit 2010 geht die brasilianische Regierung gegen das Problem der M\u00fcllflut vor. Der landesweit geltende Abfallentsorgungsplan umfasst die Errichtung moderner M\u00fclldeponien sowie einer geeigneten Infrastruktur und f\u00f6rdert Recycling- und Abfallverwertungsprojekte. Auch das Starting Ventures-<a href=\"https:\/\/www.basf.com\/global\/en\/who-we-are\/sustainability\/we-value-people-and-treat-them-with-respect\/starting-ventures\/recichain.html\" target=\"_blank\" rel=\"noopener\">Projekt<\/a> ReciChain von BASF, geleitet von Rafael Vi\u00f1as, Head of Funda\u00e7\u00e3o Espa\u00e7o Eco South America, und unterst\u00fctzt von Fernando Barbosa, Head of Dispersions, Resins and Additives South America, wird einen Beitrag zu einer besseren Abfallwirtschaft in brasilianischen St\u00e4dten leisten. Es hat zum Ziel, die unterschiedlichen Akteure der Wertsch\u00f6pfungskette an einen Tisch zu bringen, Recycling voranzutreiben und die Lebensumst\u00e4nde der M\u00fcllsammler zu verbessern.<\/p>\n<figure id=\"attachment_82849\" aria-describedby=\"caption-attachment-82849\" style=\"width: 541px\" class=\"wp-caption alignnone\"><img loading=\"lazy\" decoding=\"async\" class=\"wp-image-82849\" src=\"https:\/\/renewable-carbon.eu\/news\/wp-content\/uploads\/2020\/12\/Starting-Ventures_ReciChain_3.jpg.dynamic.1280w720h.c2898cde2766cc8b4ede5315b15cc7ac4d9b4ac5-1024x576.jpeg\" alt=\"Starting Ventures_ReciChain_3.jpg.dynamic.1280w720h.c2898cde2766cc8b4ede5315b15cc7ac4d9b4ac5\" width=\"541\" height=\"304\" srcset=\"https:\/\/renewable-carbon.eu\/news\/media\/2020\/12\/Starting-Ventures_ReciChain_3.jpg.dynamic.1280w720h.c2898cde2766cc8b4ede5315b15cc7ac4d9b4ac5-1024x576.jpeg 1024w, https:\/\/renewable-carbon.eu\/news\/media\/2020\/12\/Starting-Ventures_ReciChain_3.jpg.dynamic.1280w720h.c2898cde2766cc8b4ede5315b15cc7ac4d9b4ac5-300x169.jpeg 300w, https:\/\/renewable-carbon.eu\/news\/media\/2020\/12\/Starting-Ventures_ReciChain_3.jpg.dynamic.1280w720h.c2898cde2766cc8b4ede5315b15cc7ac4d9b4ac5-600x338.jpeg 600w, https:\/\/renewable-carbon.eu\/news\/media\/2020\/12\/Starting-Ventures_ReciChain_3.jpg.dynamic.1280w720h.c2898cde2766cc8b4ede5315b15cc7ac4d9b4ac5.jpeg 1152w\" sizes=\"auto, (max-width: 541px) 100vw, 541px\" \/><figcaption id=\"caption-attachment-82849\" class=\"wp-caption-text\">Aballsammler werden zu Arbeitsprozessen innerhalb der Kooperativen geschult<\/figcaption><\/figure>\n<h3>Vom M\u00fcllsammler zur Abfallwirtschaft \u2013 eine Wertsch\u00f6pfungskette entsteht<\/h3>\n<p>Mit dem nationalen Abfallentsorgungsplan wurden auch Hersteller f\u00fcr Endverbraucherprodukte in die Verantwortung genommen: Diese sind verpflichtet, einen Teil ihrer j\u00e4hrlich verwendeten Verpackungsmengen mit der Investition in Recycling- und Abfallentsorgungsma\u00dfnahmen zu kompensieren. Diese Ma\u00dfnahmen k\u00f6nnen die Verbesserung der Recycling-Infrastruktur beinhalten, aber auch Kommunikationsma\u00dfnahmen zur Aufkl\u00e4rung von Endkunden \u00fcber die korrekte Entsorgung von Haushaltsabf\u00e4llen. Die Investitionen der Unternehmen werden in Form von Zertifikaten belegt, die sicherstellen, dass ein bestimmter Anteil Recyclingmaterials tats\u00e4chlich verwertet wurde. Die Zertifikate werden dabei von Kooperativen f\u00fcr Abfallsammler ausgestellt.<\/p>\n<figure id=\"attachment_82848\" aria-describedby=\"caption-attachment-82848\" style=\"width: 549px\" class=\"wp-caption alignnone\"><img loading=\"lazy\" decoding=\"async\" class=\"wp-image-82848\" src=\"https:\/\/renewable-carbon.eu\/news\/wp-content\/uploads\/2020\/12\/Starting-Ventures_ReciChain_2.jpg.dynamic.1280w720h.3ea21c343a547043eb1fecc0f0a21af452afca44-1024x576.jpeg\" alt=\"Starting Ventures_ReciChain_2.jpg.dynamic.1280w720h.3ea21c343a547043eb1fecc0f0a21af452afca44\" width=\"549\" height=\"309\" srcset=\"https:\/\/renewable-carbon.eu\/news\/media\/2020\/12\/Starting-Ventures_ReciChain_2.jpg.dynamic.1280w720h.3ea21c343a547043eb1fecc0f0a21af452afca44-1024x576.jpeg 1024w, https:\/\/renewable-carbon.eu\/news\/media\/2020\/12\/Starting-Ventures_ReciChain_2.jpg.dynamic.1280w720h.3ea21c343a547043eb1fecc0f0a21af452afca44-300x169.jpeg 300w, https:\/\/renewable-carbon.eu\/news\/media\/2020\/12\/Starting-Ventures_ReciChain_2.jpg.dynamic.1280w720h.3ea21c343a547043eb1fecc0f0a21af452afca44-600x338.jpeg 600w, https:\/\/renewable-carbon.eu\/news\/media\/2020\/12\/Starting-Ventures_ReciChain_2.jpg.dynamic.1280w720h.3ea21c343a547043eb1fecc0f0a21af452afca44.jpeg 1280w\" sizes=\"auto, (max-width: 549px) 100vw, 549px\" \/><figcaption id=\"caption-attachment-82848\" class=\"wp-caption-text\">Abfallsammler erhalten im Zuge des Schulungsprogramms eine Unterweisung zur Bedienung der Maschinen<\/figcaption><\/figure>\n<p>Um die Transparenz in der Abfall-Wertsch\u00f6pfungskette sicherzustellen, vermittelt BASF zwischen M\u00fcllsammlern, Unternehmen, Materialverwertern und weiteren Interessensgruppen. \u201eF\u00fcr uns war klar, dass wir in vielen F\u00e4llen erst Voraussetzungen schaffen mussten, um die Abfallwirtschaft nachhaltig zu ver\u00e4ndern \u2013 hierzu geh\u00f6ren beispielsweise die Schulungen der M\u00fcllsammler,\u201c sagt Barbosa. Mit dem BASF-Partner, der Nichtregierungsorganisation \u201eRecicleiros\u201c, werden diese f\u00fcr ihre t\u00e4gliche Arbeit geschult. Au\u00dferdem erhalten sie die n\u00f6tige Ausstattung, um ihre Leistungen weiter zu verbessern.<\/p>\n<h3>Schulungen f\u00fcr die nachhaltige Investition in Mensch und Umwelt<\/h3>\n<p>\u201eEine der Herausforderungen des Projekts ist es, die Leistungen innerhalb der Kooperativen durch Investitionen in Infrastruktur und Schulungen zu steigern. Hierbei werden hohe Leistungen von Menschen erwartet, die in der Regel eine niedrige formale und technische Bildung haben\u201c, so Erich Burger, Mitbegr\u00fcnder von Recicleiros. Das Schulungs- und F\u00f6rderprogramm umfasst daher vier Themenfelder: Produktion, Verwaltung, Zusammenarbeit und Interessenvertretung. Das \u00fcber 60 Monate andauernde Programm hat zum Ziel, die Unabh\u00e4ngigkeit der Kooperativen zu etablieren, um sie langfristig f\u00fcr ihre Arbeit zu bef\u00e4higen. \u201eZus\u00e4tzlich zu den Schulungsinhalten m\u00f6chten wir den Teilnehmern eine Perspektive vermitteln. Viele lernen hier, grunds\u00e4tzlich Verantwortung f\u00fcr ihre Arbeit und Zukunft zu \u00fcbernehmen,\u201c so Burger. Bisher wurden rund 300 M\u00fcllsammler aus f\u00fcnf St\u00e4dten erfolgreich geschult, 12 weitere St\u00e4dte wurden in einem Auswahlprozess 2019 bekanntgegeben. Der Plan ist, zuk\u00fcnftig jedes kommende Jahr zw\u00f6lf weitere St\u00e4dte mit dem Projekt zu erreichen.<\/p>\n<h3>Transparenz durch Technologie: Digitale Plattform f\u00fcr Akteure der Abfallwirtschaft<\/h3>\n<p>\u201eMit dem ersten Teil des Projektes wollten wir zeigen, wie die Zusammenarbeit in der Wertsch\u00f6pfungskette zwischen Unternehmen, M\u00fcllsammlern und anderen Interessensgruppen gestaltet werden kann,\u201c so Barbosa. Zuk\u00fcnftig soll eine digitale Plattform eingesetzt werden, um den Weg vom M\u00fcll zum Zertifikat transparenter zu machen und zudem den finanziellen Transfer zu erm\u00f6glichen. Die Anwendung von\u00a0Blockchain-Technologie soll dabei gew\u00e4hrleisten, dass die Belege den zahlenden Unternehmen zur Verf\u00fcgung stehen. \u201eWir haben noch einen weiten Weg vor uns,\u201c so Barbosa. \u201eAber wir sind \u00fcberzeugt, dass wir mit dem Projekt inklusive Arbeit schaffen und die Abfall-Wiederverwertung vorantreiben k\u00f6nnen. Damit soll ein Beitrag zur nachhaltigen Entwicklung des Landes und zur Teilhabe der Bev\u00f6lkerung daran geleistet werden.\u201c<\/p>\n<p>&nbsp;<\/p>\n<h3>Das Starting Ventures-Projekt ReciChain tr\u00e4gt zu den folgenden UN Sustainable Development Goals (SDGs) bei:<\/h3>\n<p>1) Keine Armut<br \/>\n2) Gesundheit und Wohlergehen<br \/>\n3) Hochwertige Bildung<br \/>\n8) Menschenw\u00fcrdige Arbeit und Wirtschaftswachstum<br \/>\n9) Industrie, Innovation und Infrastruktur<br \/>\n11) Nachhaltige St\u00e4dte und Gemeinden<br \/>\n17) Partnerschaften zur Erreichung der Ziele<\/p>\n","protected":false},"excerpt":{"rendered":"<p>In den letzten Jahren erfuhr Brasilien ein rasantes St\u00e4dtewachstum. Heute leben rund neun von zehn Einwohnern Brasiliens in St\u00e4dten. Die dabei entstehende M\u00fcllflut landete wegen der mangelhaften Entsorgungs-Infrastruktur bis vor Kurzem noch in der Umwelt oder auf illegalen Deponien. Dies schafft jedoch zugleich eine Lebensgrundlage f\u00fcr viele Menschen mit geringem Einkommen: Die sogenannten \u201eCatadores\u201c sammeln [&#8230;]<\/p>\n","protected":false},"author":59,"featured_media":0,"comment_status":"closed","ping_status":"closed","sticky":false,"template":"","format":"standard","meta":{"_seopress_robots_primary_cat":"","nova_meta_subtitle":"","footnotes":""},"categories":[5572,17143],"tags":[11841,13453,10453,12344],"supplier":[2908,17876,2201,17874],"class_list":["post-82846","post","type-post","status-publish","format-standard","hentry","category-bio-based","category-recycling","tag-kreislaufwirtschaft","tag-kunststoffe","tag-recycling","tag-verpackungen","supplier-basf-corporation-us","supplier-dispersions-resins-and-additives-basf-south-america","supplier-fundao-espao-eco","supplier-recicleiros"],"_links":{"self":[{"href":"https:\/\/renewable-carbon.eu\/news\/wp-json\/wp\/v2\/posts\/82846","targetHints":{"allow":["GET"]}}],"collection":[{"href":"https:\/\/renewable-carbon.eu\/news\/wp-json\/wp\/v2\/posts"}],"about":[{"href":"https:\/\/renewable-carbon.eu\/news\/wp-json\/wp\/v2\/types\/post"}],"author":[{"embeddable":true,"href":"https:\/\/renewable-carbon.eu\/news\/wp-json\/wp\/v2\/users\/59"}],"replies":[{"embeddable":true,"href":"https:\/\/renewable-carbon.eu\/news\/wp-json\/wp\/v2\/comments?post=82846"}],"version-history":[{"count":0,"href":"https:\/\/renewable-carbon.eu\/news\/wp-json\/wp\/v2\/posts\/82846\/revisions"}],"wp:attachment":[{"href":"https:\/\/renewable-carbon.eu\/news\/wp-json\/wp\/v2\/media?parent=82846"}],"wp:term":[{"taxonomy":"category","embeddable":true,"href":"https:\/\/renewable-carbon.eu\/news\/wp-json\/wp\/v2\/categories?post=82846"},{"taxonomy":"post_tag","embeddable":true,"href":"https:\/\/renewable-carbon.eu\/news\/wp-json\/wp\/v2\/tags?post=82846"},{"taxonomy":"supplier","embeddable":true,"href":"https:\/\/renewable-carbon.eu\/news\/wp-json\/wp\/v2\/supplier?post=82846"}],"curies":[{"name":"wp","href":"https:\/\/api.w.org\/{rel}","templated":true}]}}