{"id":81797,"date":"2020-11-20T07:35:30","date_gmt":"2020-11-20T06:35:30","guid":{"rendered":"https:\/\/renewable-carbon.eu\/news\/?p=81797"},"modified":"2020-11-17T12:40:57","modified_gmt":"2020-11-17T11:40:57","slug":"agilyx-us-recycler-gruendet-niederlassung-in-der-schweiz","status":"publish","type":"post","link":"https:\/\/renewable-carbon.eu\/news\/agilyx-us-recycler-gruendet-niederlassung-in-der-schweiz\/","title":{"rendered":"Agilyx: US-Recycler gr\u00fcndet Niederlassung in der Schweiz"},"content":{"rendered":"<p>Als Spezialist f\u00fcr das chemische Recycling von Kunststoffen war Agilyx (Tigard, Oregon \/ USA) bisher vor allem in den USA aktiv. Doch nun gibt das Unternehmen die Er\u00f6ffnung einer europ\u00e4ischen Niederlassung im schweizerischen Schindellegi in der N\u00e4he von Z\u00fcrich bekannt. Ziel ist, die Projektentwicklung und -abwicklung hierzulande zu forcieren.<\/p>\n<p>\u201eNach monatelanger Planung freuen wir uns, unsere physische Pr\u00e4senz in Europa auszubauen\u201c, sagt dazu Tim Stedman, CEO von Agilyx. Dies sei ein wichtiger Schritt, um Technologien in einer Region besser zug\u00e4nglich zu machen, in der die Kreislaufwirtschaft ganz oben auf der Tagesordnung stehe. Das neue Europa-Team wird von erfahrenen Mitgliedern des Agilyx-Managements gestellt, darunter CEO Stedman selbst.<\/p>\n<p>Agilyx hat in j\u00fcngerer Vergangenheit immer wieder mit Kooperationen f\u00fcr chemische Verfahren zur Depolymerisation von Altkunststoffen f\u00fcr Aufmerksamkeit gesorgt, zuletzt im Rahmen einer Zusammenarbeit mit dem Anlagenbauer TechnipFMC (Paris \/ Frankreich). Konkret geht es dabei um die Reinigung von Styrol\u00f6l, um daraus wieder Styrol-Monomer herzustellen.<\/p>\n","protected":false},"excerpt":{"rendered":"<p>Als Spezialist f\u00fcr das chemische Recycling von Kunststoffen war Agilyx (Tigard, Oregon \/ USA) bisher vor allem in den USA aktiv. Doch nun gibt das Unternehmen die Er\u00f6ffnung einer europ\u00e4ischen Niederlassung im schweizerischen Schindellegi in der N\u00e4he von Z\u00fcrich bekannt. Ziel ist, die Projektentwicklung und -abwicklung hierzulande zu forcieren. \u201eNach monatelanger Planung freuen wir uns, [&#8230;]<\/p>\n","protected":false},"author":59,"featured_media":0,"comment_status":"closed","ping_status":"closed","sticky":false,"template":"","format":"standard","meta":{"_seopress_robots_primary_cat":"","nova_meta_subtitle":"","footnotes":""},"categories":[17143],"tags":[11841,13453,10453],"supplier":[15237],"class_list":["post-81797","post","type-post","status-publish","format-standard","hentry","category-recycling","tag-kreislaufwirtschaft","tag-kunststoffe","tag-recycling","supplier-agilyx"],"_links":{"self":[{"href":"https:\/\/renewable-carbon.eu\/news\/wp-json\/wp\/v2\/posts\/81797","targetHints":{"allow":["GET"]}}],"collection":[{"href":"https:\/\/renewable-carbon.eu\/news\/wp-json\/wp\/v2\/posts"}],"about":[{"href":"https:\/\/renewable-carbon.eu\/news\/wp-json\/wp\/v2\/types\/post"}],"author":[{"embeddable":true,"href":"https:\/\/renewable-carbon.eu\/news\/wp-json\/wp\/v2\/users\/59"}],"replies":[{"embeddable":true,"href":"https:\/\/renewable-carbon.eu\/news\/wp-json\/wp\/v2\/comments?post=81797"}],"version-history":[{"count":0,"href":"https:\/\/renewable-carbon.eu\/news\/wp-json\/wp\/v2\/posts\/81797\/revisions"}],"wp:attachment":[{"href":"https:\/\/renewable-carbon.eu\/news\/wp-json\/wp\/v2\/media?parent=81797"}],"wp:term":[{"taxonomy":"category","embeddable":true,"href":"https:\/\/renewable-carbon.eu\/news\/wp-json\/wp\/v2\/categories?post=81797"},{"taxonomy":"post_tag","embeddable":true,"href":"https:\/\/renewable-carbon.eu\/news\/wp-json\/wp\/v2\/tags?post=81797"},{"taxonomy":"supplier","embeddable":true,"href":"https:\/\/renewable-carbon.eu\/news\/wp-json\/wp\/v2\/supplier?post=81797"}],"curies":[{"name":"wp","href":"https:\/\/api.w.org\/{rel}","templated":true}]}}