{"id":77230,"date":"2020-08-07T07:26:22","date_gmt":"2020-08-07T05:26:22","guid":{"rendered":"https:\/\/renewable-carbon.eu\/news\/?p=77230"},"modified":"2020-08-03T13:57:16","modified_gmt":"2020-08-03T11:57:16","slug":"katherina-reiche-uebernimmt-vorsitz-beim-wasserstoffrat-der-bundesregierung","status":"publish","type":"post","link":"https:\/\/renewable-carbon.eu\/news\/katherina-reiche-uebernimmt-vorsitz-beim-wasserstoffrat-der-bundesregierung\/","title":{"rendered":"Katherina Reiche \u00fcbernimmt Vorsitz beim Wasserstoffrat der Bundesregierung"},"content":{"rendered":"<div class=\"text parbase\">\n<div class=\"rich-text rich-text-color-darkgrey\">\n<p><strong>Katherina Reiche ist Vorsitzende des Wasserstoffrats der deutschen Bundesregierung. Das hat der Rat, der aus 25 hochrangigen Expertinnen und Experten der Wirtschaft, Wissenschaft und Zivilgesellschaft besteht, heute in seiner konstituierenden Sitzung beschlossen.<\/strong><\/p>\n<p>Katherina Reiche, Vorsitzende der Gesch\u00e4ftsf\u00fchrung des E.ON-Tochterunternehmens Westenergie, dazu: \u201eIch freue mich sehr, diese wichtige Aufgabe \u00fcbernehmen zu d\u00fcrfen. Der Wasserstoffrat wird wesentlich dazu beitragen, die Wasserstoffstrategie der Bundesregierung umzusetzen und weiterzuentwickeln. Ich werde mich mit aller Kraft gemeinsam mit den Mitgliedern des Rates daf\u00fcr einsetzen, dass Deutschland bei Wasserstofftechnologien eine Vorreiterrolle in der Welt einnehmen wird.\u201c<\/p>\n<p>Mit der Nationalen Wasserstoffstrategie schafft die Bundesregierung einen umfassenden Handlungsrahmen f\u00fcr die k\u00fcnftige Erzeugung, den Transport, die Nutzung und Weiterverwendung von Wasserstoff und damit auch f\u00fcr entsprechende Innovationen und Investitionen.<\/p>\n<p>In genau diesem Rahmen treibt E.ON die Weiterentwicklung von Wasserstoff- und Power-to-Gas (PtG)-Technologien in Projekten auf den unterschiedlichen Wertsch\u00f6pfungsstufen voran. Die in den Projekten gewonnenen Erkenntnisse und Erfahrungen flie\u00dfen in die Umsetzung der Nationalen Wasserstoffstrategie ein.<\/p>\n<p>Ziel von E.ON ist es, bis 2030 in der Lage zu sein, sowohl \u00fcber dezentrale PtG-Anlagen als auch \u00fcber die Anbindung an das geplante Wasserstoff-Fernleitungsnetz in den Verteilnetzen \u201cgr\u00fcne\u201c Gase zum Erdgas beizumischen oder bei Bedarf auch eine Versorgung mit 100 Prozent Wasserstoff \u00fcbernehmen zu k\u00f6nnen.<\/p>\n<\/div>\n<\/div>\n","protected":false},"excerpt":{"rendered":"<p>Katherina Reiche ist Vorsitzende des Wasserstoffrats der deutschen Bundesregierung. Das hat der Rat, der aus 25 hochrangigen Expertinnen und Experten der Wirtschaft, Wissenschaft und Zivilgesellschaft besteht, heute in seiner konstituierenden Sitzung beschlossen. Katherina Reiche, Vorsitzende der Gesch\u00e4ftsf\u00fchrung des E.ON-Tochterunternehmens Westenergie, dazu: \u201eIch freue mich sehr, diese wichtige Aufgabe \u00fcbernehmen zu d\u00fcrfen. Der Wasserstoffrat wird wesentlich [&#8230;]<\/p>\n","protected":false},"author":59,"featured_media":0,"comment_status":"closed","ping_status":"closed","sticky":false,"template":"","format":"standard","meta":{"_seopress_robots_primary_cat":"","nova_meta_subtitle":"","footnotes":""},"categories":[5572],"tags":[11638,13255],"supplier":[769,5415,12747],"class_list":["post-77230","post","type-post","status-publish","format-standard","hentry","category-bio-based","tag-powertogas","tag-wasserstoff","supplier-deutsche-bundesregierung","supplier-eon","supplier-uniper"],"_links":{"self":[{"href":"https:\/\/renewable-carbon.eu\/news\/wp-json\/wp\/v2\/posts\/77230","targetHints":{"allow":["GET"]}}],"collection":[{"href":"https:\/\/renewable-carbon.eu\/news\/wp-json\/wp\/v2\/posts"}],"about":[{"href":"https:\/\/renewable-carbon.eu\/news\/wp-json\/wp\/v2\/types\/post"}],"author":[{"embeddable":true,"href":"https:\/\/renewable-carbon.eu\/news\/wp-json\/wp\/v2\/users\/59"}],"replies":[{"embeddable":true,"href":"https:\/\/renewable-carbon.eu\/news\/wp-json\/wp\/v2\/comments?post=77230"}],"version-history":[{"count":0,"href":"https:\/\/renewable-carbon.eu\/news\/wp-json\/wp\/v2\/posts\/77230\/revisions"}],"wp:attachment":[{"href":"https:\/\/renewable-carbon.eu\/news\/wp-json\/wp\/v2\/media?parent=77230"}],"wp:term":[{"taxonomy":"category","embeddable":true,"href":"https:\/\/renewable-carbon.eu\/news\/wp-json\/wp\/v2\/categories?post=77230"},{"taxonomy":"post_tag","embeddable":true,"href":"https:\/\/renewable-carbon.eu\/news\/wp-json\/wp\/v2\/tags?post=77230"},{"taxonomy":"supplier","embeddable":true,"href":"https:\/\/renewable-carbon.eu\/news\/wp-json\/wp\/v2\/supplier?post=77230"}],"curies":[{"name":"wp","href":"https:\/\/api.w.org\/{rel}","templated":true}]}}