{"id":76001,"date":"2020-06-22T07:37:24","date_gmt":"2020-06-22T05:37:24","guid":{"rendered":"https:\/\/renewable-carbon.eu\/news\/?p=76001"},"modified":"2020-06-17T13:50:43","modified_gmt":"2020-06-17T11:50:43","slug":"das-autointerieur-der-zukunft-vom-display-zum-veganen-sitzbezug","status":"publish","type":"post","link":"https:\/\/renewable-carbon.eu\/news\/das-autointerieur-der-zukunft-vom-display-zum-veganen-sitzbezug\/","title":{"rendered":"Das Autointerieur der Zukunft: vom Display zum veganen Sitzbezug"},"content":{"rendered":"<figure id=\"attachment_76004\" aria-describedby=\"caption-attachment-76004\" style=\"width: 565px\" class=\"wp-caption alignnone\"><img loading=\"lazy\" decoding=\"async\" class=\"wp-image-76004\" src=\"https:\/\/renewable-carbon.eu\/news\/wp-content\/uploads\/2020\/06\/Bildschirmfoto-2020-06-17-um-13.35.11.png\" alt=\"Bildschirmfoto 2020-06-17 um 13.35.11\" width=\"565\" height=\"226\" srcset=\"https:\/\/renewable-carbon.eu\/news\/media\/2020\/06\/Bildschirmfoto-2020-06-17-um-13.35.11.png 876w, https:\/\/renewable-carbon.eu\/news\/media\/2020\/06\/Bildschirmfoto-2020-06-17-um-13.35.11-300x120.png 300w, https:\/\/renewable-carbon.eu\/news\/media\/2020\/06\/Bildschirmfoto-2020-06-17-um-13.35.11-600x240.png 600w\" sizes=\"auto, (max-width: 565px) 100vw, 565px\" \/><figcaption id=\"caption-attachment-76004\" class=\"wp-caption-text\">Da die klassische Funktion des Fahrersitzes entf\u00e4llt, kann das Autointerieur neu gestaltet werden. Bildquelle: Covestro<\/figcaption><\/figure>\n<p><strong>Trends wie die Elektromobilit\u00e4t, Konnektivit\u00e4t und Carsharing werden die Nutzung von Fahrzeugen ganz neu definieren: Das Auto der Zukunft ist voll vernetzt und gliedert sich nahtlos in das t\u00e4gliche Leben ein. Vor allem der Innenraum wird sich grundlegend ver\u00e4ndern: er entwickelt sich zum multifunktionalen Wohn- und Arbeitsraum. F\u00fcr diese Anforderungen hat Covestro gemeinsam mit Partnern ein Premiumkonzept mit Materiall\u00f6sungen entwickelt und dieses erstmals auf der Kunststoffmesse K 2019 vorgestellt.<\/strong><\/p>\n<p>\u201eBei der Gestaltung des k\u00fcnftigen Auto-Cockpits werden Kunststoffe und Technologien eine zentrale Rolle spielen\u201c, sagte Jochen Hardt, Vice President Global Marketing Mobility und Koordinator des Konzepts, vor internationalen Medien w\u00e4hrend einer Live-\u00dcbertragung im Internet. \u201eUnser umfassendes Konzept bietet Materiall\u00f6sungen f\u00fcr Funktionalit\u00e4t, Komfort und Design, es tr\u00e4gt aber auch W\u00fcnschen der Autoindustrie nach einer Markendifferenzierung sowie gesteigerter Effizienz und Leichtgewichtigkeit Rechnung.\u201c<\/p>\n<p>Highlight-Themen des Konzepts sind unter anderem multi-sensorische Infotainment-Systeme, neuartige Sitzkonzepte und eine Schallschutzkuppel. Hightech-Materialien von Covestro er\u00f6ffnen hier ein Kaleidoskop neuer M\u00f6glichkeiten f\u00fcr viele verschiedene Komponenten. Das Unternehmen ist hier in einer f\u00fchrenden Position.<\/p>\n<h3>Dreidimensionales Multifunktions-Display<\/h3>\n<figure id=\"attachment_76006\" aria-describedby=\"caption-attachment-76006\" style=\"width: 565px\" class=\"wp-caption alignnone\"><img loading=\"lazy\" decoding=\"async\" class=\"wp-image-76006\" src=\"https:\/\/renewable-carbon.eu\/news\/wp-content\/uploads\/2020\/06\/Bildschirmfoto-2020-06-17-um-13.36.17.png\" alt=\"Bildschirmfoto 2020-06-17 um 13.36.17\" width=\"565\" height=\"225\" srcset=\"https:\/\/renewable-carbon.eu\/news\/media\/2020\/06\/Bildschirmfoto-2020-06-17-um-13.36.17.png 877w, https:\/\/renewable-carbon.eu\/news\/media\/2020\/06\/Bildschirmfoto-2020-06-17-um-13.36.17-300x120.png 300w, https:\/\/renewable-carbon.eu\/news\/media\/2020\/06\/Bildschirmfoto-2020-06-17-um-13.36.17-600x239.png 600w\" sizes=\"auto, (max-width: 565px) 100vw, 565px\" \/><figcaption id=\"caption-attachment-76006\" class=\"wp-caption-text\">Ein Highlight des neuen Autoinnenraumkonzepts ist ein nahtlos integrierter, dreidimensional geformter Multifunktions-Display. Bildquelle: Covestro<\/figcaption><\/figure>\n<p>Im neuen Auto-Interieur kommt Displays und Anzeigeinstrumenten eine besondere Bedeutung zu. Sie werden zu Infotainment-Systemen, die die Insassen mit der Au\u00dfenwelt vernetzen und sie je nach Nutzung mit Informationen oder Unterhaltung versorgen.<\/p>\n<p>Gemeinsam mit einem Industriepartner hat Covestro ein nahtloses, dreidimensional geformtes Multifunktions-Display entwickelt \u2013 ein gro\u00dfformatiges, visuelles Erlebnis f\u00fcr den Nutzer, das durch die gute optische Qualit\u00e4t des Polycarbonats Makrolon<sup>\u00ae<\/sup> Ai und der Polycarbonatfolie Makrofol<sup>\u00ae<\/sup> erm\u00f6glicht wird. F\u00fcr die Oberfl\u00e4chengestaltung und Haltbarkeit sorgt eine ausgekl\u00fcgelte Kombination von Prozesstechnologien.<\/p>\n<h3>Vegane Sitzbez\u00fcge<\/h3>\n<p>Da die klassische Funktion des Fahrersitzes entf\u00e4llt, kann das Autointerieur ganz neu gestaltet werden. Die Sitze sollen nicht nur bequem sein, sondern auch genug Flexibilit\u00e4t f\u00fcr eine Vergr\u00f6\u00dferung des Innenraums bieten. Auch hier sind Covestro-Materialien Wegbereiter f\u00fcr die genannten Eigenschaften und Vorteile.<\/p>\n<p>\u201eUnsere vegane w\u00e4ssrige INSQIN<sup>\u00ae<\/sup> Technologie zur Textilbeschichtung bietet ein ebenso gutes Erscheinungsbild wie Leder, aber zu geringeren Kosten und mit reduzierten L\u00f6semittelemissionen\u201c, erl\u00e4uterte Thomas Michaelis, Leiter Textilbeschichtung in der Region Europa, Nahost, Afrika und Lateinamerika. \u201eReizvoll ist hier die M\u00f6glichkeit, Licht durch die beschichtete Oberfl\u00e4che durchscheinen zu lassen und dabei eine ganz neue Art ambienter Beleuchtung zu erzeugen.\u201c<\/p>\n<h3>Ruhe und Privatsph\u00e4re auf kleinem Raum<\/h3>\n<p>Dem Schutz der Privatsph\u00e4re dient der neue bewegliche Privacy Dome. Ein schallschluckender Akustikschaum auf Basis des Polyurethansystems Baynat<sup>\u00ae<\/sup> gew\u00e4hrt jedem Fahrgast individuell Ruhe, unabh\u00e4ngig von anderen Reisenden und der Au\u00dfenwelt. Zus\u00e4tzlich kann er sich bei beruhigenden Kl\u00e4ngen wie dem Sound von Wellen am Strand entspannen.<\/p>\n<p>&nbsp;<\/p>\n<h3>\u00dcber Covestro<\/h3>\n<p>Mit einem Umsatz von 12,4 Milliarden Euro im Jahr 2019 geh\u00f6rt Covestro zu den weltweit gr\u00f6\u00dften Polymer-Unternehmen. Gesch\u00e4ftsschwerpunkte sind die Herstellung von Hightech-Polymerwerkstoffen und die Entwicklung innovativer L\u00f6sungen f\u00fcr Produkte, die in vielen Bereichen des t\u00e4glichen Lebens Verwendung finden. Die wichtigsten Abnehmerbranchen sind die Automobilindustrie, die Bauwirtschaft, die Holzverarbeitungs- und M\u00f6belindustrie sowie der Elektro-und Elektroniksektor. Hinzu kommen Bereiche wie Sport und Freizeit, Kosmetik, Gesundheit sowie die Chemieindustrie selbst. Covestro produziert an 30 Standorten weltweit und besch\u00e4ftigt per Ende 2019 rund 17.200 Mitarbeiter (umgerechnet auf Vollzeitstellen).<\/p>\n","protected":false},"excerpt":{"rendered":"<p>Trends wie die Elektromobilit\u00e4t, Konnektivit\u00e4t und Carsharing werden die Nutzung von Fahrzeugen ganz neu definieren: Das Auto der Zukunft ist voll vernetzt und gliedert sich nahtlos in das t\u00e4gliche Leben ein. Vor allem der Innenraum wird sich grundlegend ver\u00e4ndern: er entwickelt sich zum multifunktionalen Wohn- und Arbeitsraum. F\u00fcr diese Anforderungen hat Covestro gemeinsam mit Partnern [&#8230;]<\/p>\n","protected":false},"author":59,"featured_media":0,"comment_status":"closed","ping_status":"closed","sticky":false,"template":"","format":"standard","meta":{"_seopress_robots_primary_cat":"","nova_meta_subtitle":"","footnotes":""},"categories":[5572],"tags":[12988,15495,10763],"supplier":[10858],"class_list":["post-76001","post","type-post","status-publish","format-standard","hentry","category-bio-based","tag-autobau","tag-beschichtungen","tag-biokunststoffe","supplier-covestro-group"],"_links":{"self":[{"href":"https:\/\/renewable-carbon.eu\/news\/wp-json\/wp\/v2\/posts\/76001","targetHints":{"allow":["GET"]}}],"collection":[{"href":"https:\/\/renewable-carbon.eu\/news\/wp-json\/wp\/v2\/posts"}],"about":[{"href":"https:\/\/renewable-carbon.eu\/news\/wp-json\/wp\/v2\/types\/post"}],"author":[{"embeddable":true,"href":"https:\/\/renewable-carbon.eu\/news\/wp-json\/wp\/v2\/users\/59"}],"replies":[{"embeddable":true,"href":"https:\/\/renewable-carbon.eu\/news\/wp-json\/wp\/v2\/comments?post=76001"}],"version-history":[{"count":0,"href":"https:\/\/renewable-carbon.eu\/news\/wp-json\/wp\/v2\/posts\/76001\/revisions"}],"wp:attachment":[{"href":"https:\/\/renewable-carbon.eu\/news\/wp-json\/wp\/v2\/media?parent=76001"}],"wp:term":[{"taxonomy":"category","embeddable":true,"href":"https:\/\/renewable-carbon.eu\/news\/wp-json\/wp\/v2\/categories?post=76001"},{"taxonomy":"post_tag","embeddable":true,"href":"https:\/\/renewable-carbon.eu\/news\/wp-json\/wp\/v2\/tags?post=76001"},{"taxonomy":"supplier","embeddable":true,"href":"https:\/\/renewable-carbon.eu\/news\/wp-json\/wp\/v2\/supplier?post=76001"}],"curies":[{"name":"wp","href":"https:\/\/api.w.org\/{rel}","templated":true}]}}