{"id":74934,"date":"2020-05-19T07:29:35","date_gmt":"2020-05-19T05:29:35","guid":{"rendered":"https:\/\/renewable-carbon.eu\/news\/?p=74934"},"modified":"2020-05-14T13:59:06","modified_gmt":"2020-05-14T11:59:06","slug":"in-der-krise-langfristig-denken-und-handeln-jetzt-die-transformation-hin-zu-einer-nachhaltigen-biooekonomie-staerken","status":"publish","type":"post","link":"https:\/\/renewable-carbon.eu\/news\/in-der-krise-langfristig-denken-und-handeln-jetzt-die-transformation-hin-zu-einer-nachhaltigen-biooekonomie-staerken\/","title":{"rendered":"In der Krise langfristig denken und handeln &#8211; Jetzt die Transformation hin zu einer nachhaltigen Bio\u00f6konomie st\u00e4rken"},"content":{"rendered":"<p><strong>Die Corona-Krise stellt die Politik, Wirtschaft und Gesellschaft vor erhebliche, beispiellose Herausforderungen. Der Sachverst\u00e4ndigenrat Bio\u00f6konomie Bayern (SVB) begr\u00fc\u00dft das entschlossene kurzfristige Handeln der bayerischen Staatsregierung, um die Belastungen betroffener Menschen und Unternehmen zu mildern und die Corona-Krise zu kontrollieren.<\/strong><\/p>\n<p>Der SVB appelliert an die Staatsregierung bei dem Wiederaufbau der bayerischen Wirtschaft die Chance f\u00fcr Ver\u00e4nderungen zu nutzen. Krisen bieten ein hohes Mobilisierungspotenzial f\u00fcr Ver\u00e4nderungen. Sie sind dabei Chance und Risiko zugleich. Die kurzfristig mobilisierten Kr\u00e4fte und Ressourcen zur Bew\u00e4ltigung der Krise werden langfristige Effekte haben und m\u00fcssen daher gleicherma\u00dfen dazu beitragen, langfristige Herausforderungen zu l\u00f6sen. Der fortschreitende Klimawandel darf dabei nicht in den Hintergrund r\u00fccken und muss mit den L\u00f6sungen der Krisenbew\u00e4ltigung zusammen gedacht werden. Die Dringlichkeit von Umweltschutzma\u00dfnahmen sowie weiterer Ma\u00dfnahmen, die mittel- und langfristig eine nachhaltige Entwicklung und die Bio\u00f6konomie f\u00f6rdern, bleibt zweifelsohne bestehen. Entscheidungen, die von der Staatsregierung im Zuge der Corona-Krise getroffen werden, m\u00fcssen diese Dringlichkeiten ber\u00fccksichtigen und das Ziel eines langfristig nachhaltigen Wirtschaftens verfolgen. Jetzt werden entscheidende Weichen gestellt. Ziel darf es nicht sein, den alten Zustand wiederherzustellen.<\/p>\n<p>Der Sachverst\u00e4ndigenrat fokussiert langfristige Zielvorstellungen und sieht in der Abkehr von fossilen Rohstoffen eine nachhaltige L\u00f6sung globaler Herausforderungen. In diesem Zuge gilt es langfristig, Industrieprozesse nachhaltig umzustellen. Die aktuelle Krise bietet ein Momentum, um Weichenstellungen in diese Richtung einzuleiten. Insbesondere der aktuell niedrige Erd\u00f6lpreis stellt eine akute Herausforderung f\u00fcr die Bio\u00f6konomie dar. Im direkten Wettbewerb werden Verfahren und Produkte auf Basis nachwachsender Rohstoffe derzeit noch st\u00e4rker benachteiligt und die Anreize zur Umstellung auf biobasierte Prozesse sinken. Der Freistaat Bayern muss seiner Verantwortung gerecht werden und diese aktuelle Situation bei der Transformation hin zu einem nachhaltigen Wirtschaften ber\u00fccksichtigen. Dabei bieten insbesondere eine st\u00e4rkere Regionalisierung der Wirtschaft und die einhergehende Schaffung k\u00fcrzerer Wertsch\u00f6pfungsketten gro\u00dfe Potenziale.<\/p>\n<p>Der SVB lehnt Forderungen ab, die hinter bereits gesetzte Nachhaltigkeitsziele zur\u00fcckfallen und motiviert die Staatsregierung, jetzt entschieden das Potenzial der Corona-Krise zu nutzen, um ohnehin notwendige Transformationsprozesse zu beschleunigen und proaktiv zu begleiten. Die Transformation hin zu einer Bio\u00f6konomie kann die bayerische Wirtschaft nach der Krise nachhaltig stabilisieren und weiterentwickeln. In diesem Zusammenhang gilt es, kurz- bis langfristige Ma\u00dfnahmen folgender Schwerpunkten umzusetzen:<\/p>\n<h3>Nachhaltige Wirtschaftshilfen<\/h3>\n<p>Neben den kurzfristigen Wirtschaftshilfen muss ein etwaiges l\u00e4ngerfristiges Konjunktur-programm zur Belebung der Wirtschaft so aufgesetzt werden, dass es sich an Nachhaltigkeit orientiert und langfristigen Zielvorstellungen gerecht wird. Hierbei sollte der Freistaats Bayern gezielt Branchen und Unternehmen st\u00e4rken, die im Sinne der Nachhaltigkeitsziele wirtschaften und bio\u00f6konomische Prinzipien verfolgen bzw. diese Strukturen zuk\u00fcnftig aufbauen wollen.<\/p>\n<h3>Gr\u00fcne Investitionen und Innovation<\/h3>\n<p>Die Umsetzung einer nachhaltigen, zukunftsf\u00e4higen Wirtschaftsweise ist eng an die Entwicklung neuer Verfahren und Produkte gekoppelt. Diese (Weiter-)Entwicklung nachhaltiger, biobasierter Technologien und Prozesse ist oftmals mit hohen Kostenaufw\u00e4nden und finanziellen Risiken verbunden. Der Freistaat Bayern sollte daher verst\u00e4rkt die Entwicklung nachhaltiger Techno-logien und Innovation f\u00f6rdern und entsprechende Investitionsprogramme aufsetzen. Dabei sollte ein Fokus auf einer st\u00e4rkeren Regionalisierung von Wertsch\u00f6pfungsketten liegen.<\/p>\n<h3>Gesellschaftliche Transformation<\/h3>\n<p>Eine nachhaltige Zukunftsgestaltung kann nicht ohne einen gesellschaftlichen Transformationsprozess stattfinden. Hierzu m\u00fcssen Konsum- und Verhaltensmuster ver\u00e4ndert und nachhaltige Wertevorstellungen gef\u00f6rdert werden. Inwiefern die Corona-Krise ohne weitere Ma\u00dfnahmen einen langfristigen Einfluss auf das gesellschaftliche Verhalten hat, ist derzeit noch nicht absehbar. Der Freistaat Bayern muss sich daher aktiv f\u00fcr einen gesellschaftlichen Wertewandel einsetzen sowie soziale Aspekte bei der Krisenbew\u00e4ltigung ber\u00fccksichtigen.<\/p>\n<h3>Globale Nachhaltigkeitsziele<\/h3>\n<p>Nachhaltiges Wirtschaften kann im regionalen Kontext angesto\u00dfen und umgesetzt werden, muss jedoch in \u00fcberregionalen und globalen Strukturen eingebettet sein. Das Ziel der Klima-neutralit\u00e4t im Rahmen des EU Green Deals nimmt in diesem Zusammenhang eine bedeutende Rolle ein. Der Freistaat Bayern sollte sich daher aktiv f\u00fcr eine ambitionierte Umsetzung des europ\u00e4ischen Green Deals einsetzen.<\/p>\n","protected":false},"excerpt":{"rendered":"<p>Die Corona-Krise stellt die Politik, Wirtschaft und Gesellschaft vor erhebliche, beispiellose Herausforderungen. Der Sachverst\u00e4ndigenrat Bio\u00f6konomie Bayern (SVB) begr\u00fc\u00dft das entschlossene kurzfristige Handeln der bayerischen Staatsregierung, um die Belastungen betroffener Menschen und Unternehmen zu mildern und die Corona-Krise zu kontrollieren. Der SVB appelliert an die Staatsregierung bei dem Wiederaufbau der bayerischen Wirtschaft die Chance f\u00fcr Ver\u00e4nderungen [&#8230;]<\/p>\n","protected":false},"author":59,"featured_media":0,"comment_status":"closed","ping_status":"closed","sticky":false,"template":"","format":"standard","meta":{"_seopress_robots_primary_cat":"","nova_meta_subtitle":"","footnotes":""},"categories":[5572],"tags":[10608],"supplier":[13858,13198],"class_list":["post-74934","post","type-post","status-publish","format-standard","hentry","category-bio-based","tag-biooekonomie","supplier-bayerische-staatsregierung-bayerisches-landesportal","supplier-sachverstaendigenrat-biooekonomie-bayern"],"_links":{"self":[{"href":"https:\/\/renewable-carbon.eu\/news\/wp-json\/wp\/v2\/posts\/74934","targetHints":{"allow":["GET"]}}],"collection":[{"href":"https:\/\/renewable-carbon.eu\/news\/wp-json\/wp\/v2\/posts"}],"about":[{"href":"https:\/\/renewable-carbon.eu\/news\/wp-json\/wp\/v2\/types\/post"}],"author":[{"embeddable":true,"href":"https:\/\/renewable-carbon.eu\/news\/wp-json\/wp\/v2\/users\/59"}],"replies":[{"embeddable":true,"href":"https:\/\/renewable-carbon.eu\/news\/wp-json\/wp\/v2\/comments?post=74934"}],"version-history":[{"count":0,"href":"https:\/\/renewable-carbon.eu\/news\/wp-json\/wp\/v2\/posts\/74934\/revisions"}],"wp:attachment":[{"href":"https:\/\/renewable-carbon.eu\/news\/wp-json\/wp\/v2\/media?parent=74934"}],"wp:term":[{"taxonomy":"category","embeddable":true,"href":"https:\/\/renewable-carbon.eu\/news\/wp-json\/wp\/v2\/categories?post=74934"},{"taxonomy":"post_tag","embeddable":true,"href":"https:\/\/renewable-carbon.eu\/news\/wp-json\/wp\/v2\/tags?post=74934"},{"taxonomy":"supplier","embeddable":true,"href":"https:\/\/renewable-carbon.eu\/news\/wp-json\/wp\/v2\/supplier?post=74934"}],"curies":[{"name":"wp","href":"https:\/\/api.w.org\/{rel}","templated":true}]}}