{"id":74300,"date":"2020-04-30T07:29:36","date_gmt":"2020-04-30T05:29:36","guid":{"rendered":"https:\/\/renewable-carbon.eu\/news\/?p=74300"},"modified":"2020-04-27T12:13:55","modified_gmt":"2020-04-27T10:13:55","slug":"tag-des-baumes","status":"publish","type":"post","link":"https:\/\/renewable-carbon.eu\/news\/tag-des-baumes\/","title":{"rendered":"Tag des Baumes"},"content":{"rendered":"<p><strong>St\u00fcrme, D\u00fcrre, Waldbr\u00e4nde und Borkenk\u00e4ferbefall \u2013 das hat 2018 und 2019 gravierende Sch\u00e4den in den W\u00e4ldern verursacht. Und die Bef\u00fcrchtung ist, dass auch das Jahr 2020 dem Wald immens zusetzt. Der Jahresbeginn 2020 war durch anhaltende Regenphasen gepr\u00e4gt, in deren Verlauf sich die Wasserreservoire gr\u00f6\u00dftenteils wieder gef\u00fcllt haben. In den vergangenen Wochen hingegen war verbreitet Trockenheit zu beobachten, wobei die Situation regional und lokal sehr unterschiedlich sein kann. Mit Blick auf das laufende Jahr ist es im Augenblick noch zu fr\u00fch, um \u00fcber die m\u00f6gliche Wetterentwicklung und deren Auswirkungen auf die landwirtschaftlichen Ertr\u00e4ge sowie auf die W\u00e4lder verl\u00e4ssliche Aussagen treffen zu k\u00f6nnen. Der Deutsche Wetterdienst rechnet im Jahr 2020 bislang mit durchschnittlichen Niederschl\u00e4gen. Dennoch ist bereits jetzt absehbar: Der hohe Sch\u00e4dlingsbefall aus dem Vorjahr und die unvollst\u00e4ndige Aufarbeitung von Schadholz angesichts schlechter Holzabsatzm\u00f6glichkeiten f\u00fchren zu einem hohen Risiko weiterer Sch\u00e4den.<\/strong><\/p>\n<p>Am morgigen Samstag ist der Tag des Baumes. Und das nimmt die Bundeswaldministerin Julia Kl\u00f6ckner zum Anlass, eine Aufforstungsfl\u00e4che im rheinland-pf\u00e4lzischen Rehborn zu besichtigen, zusammen mit der Landesforstministerin Ulrike H\u00f6fken aus Rheinland-Pfalz.<\/p>\n<p>Die Fl\u00e4che wurde vor der aktuell herrschenden Trockenheit mit 500 Baumhaseln wiederaufgeforstet. In den vergangenen beiden Jahren haben wir erlebt, dass Teile unserer W\u00e4lder nicht ausreichend Widerstandskr\u00e4fte gegen lange Trockenphasen gebildet haben, ganze Waldgebiete vertrockneten und wurden durch den Borkenk\u00e4fer zerst\u00f6rt.<\/p>\n<p>Angesichts der sehr ernsten Lage hatte sich Bundesministerin Julia Kl\u00f6ckner f\u00fcr ein gro\u00df angelegtes, nachhaltiges Wiederaufforstungs- und Anpassungsprogramm mit standortangepassten B\u00e4umen f\u00fcr robuste Mischw\u00e4lder ausgesprochen. F\u00fcr dieses Programm und die anschlie\u00dfende Pflege stellt die Bundesregierung den L\u00e4ndern eine knappe halbe Milliarde Euro zur Verf\u00fcgung. 478 Millionen Euro in den kommenden vier Jahren sind vorgesehen von Bundesseite, die von den L\u00e4ndern kofinanziert werden, sodass rund 800 Millionen Euro f\u00fcr den Wald zur Verf\u00fcgung stehen. In 2020 stehen vom Bund 98 Millionen Euro f\u00fcr die Schadensbew\u00e4ltigung, weitere 40 Millionen Euro Bundesmittel f\u00fcr Ma\u00dfnahmen zur Anpassung der W\u00e4lder bereit.<\/p>\n<p>Mit Blick auf den wichtigen Beitrag des Waldes zum Klimaschutz und dem Allgemein-wohl warnt die Bundesministerin Julia Kl\u00f6ckner: <em>&#8220;W\u00e4lder sind unverzichtbar f\u00fcr den Klimaschutz, f\u00fcr Einkommen und Arbeit in den l\u00e4ndlichen R\u00e4umen, als Lieferant des nachhaltig verf\u00fcgbaren und klimafreundlichen Roh-, Bau-, Werkstoffs und Energie-tr\u00e4gers Holz, f\u00fcr die Erholung der Bev\u00f6lkerung und f\u00fcr die Biodiversit\u00e4t. Diese Funktionen k\u00f6nnen die W\u00e4lder aber nur erf\u00fcllen, wenn ihnen in Not geholfen wird. Die B\u00e4ume, die fehlen, k\u00f6nnen nicht zur Senkung des CO<sub>2<\/sub>-Aussto\u00dfes beitragen. Der Schutz unserer W\u00e4lder ist eine Generationenaufgabe. Daf\u00fcr werden wir einen langen Atem brauchen und viele Menschen, die die \u00c4rmel hochkrempeln und zusammenarbeiten.&#8221;<\/em><\/p>\n<p>Und die rheinland-pf\u00e4lzische Umwelt- und Forstministerin Ulrike H\u00f6fken erg\u00e4nzt: <em>&#8220;Der Klimawandel macht in Corona-Zeiten keine Pause. Das sehen wir direkt vor unserer Haust\u00fcr. Die Trockenheit der letzten beiden Jahre hat bislang ungekannte Sch\u00e4den in unseren W\u00e4ldern angerichtet. Ein dritter D\u00fcrre-Sommer in Folge w\u00e4re katastrophal. Wir wollen den Wald fit f\u00fcr die Zukunft machen und leisten in unserem rheinland-pf\u00e4lzischen Staatswald eine konsequente Krisenvorbeugung, indem wir auf naturnahe Mischw\u00e4lder mit geeigneten Baumarten setzen. Zum Klimaschutz geh\u00f6rt auch der Einsatz von Solar- oder Wind-Energie im Forstbereich. Denn was dem Klima hilft, hilft auch dem Wald. Dazu kann jede und jeder einzelne etwas beitragen.&#8221;<\/em><\/p>\n<p>Bundesministerin Kl\u00f6ckner: <em>&#8220;Wer aufforstet, hat kommende Generationen im Blick. Die Hilfen sind eine gesamtgesellschaftliche Aufgabe. Wichtig ist, dass die F\u00f6rderung des Bundes und das Engagement der L\u00e4nder Hand in Hand gehen, damit das Geld auf der Fl\u00e4che ankommt.&#8221;<\/em><\/p>\n<p>Bereits im vergangenen Jahr wurden auf Initiative von Bundesministerin Kl\u00f6ckner neue F\u00f6rderma\u00dfnahmen in der &#8220;Gemeinschaftsaufgabe Agrarstruktur und K\u00fcstenschutz&#8221; (GAK) auf den Weg gebracht, um Sch\u00e4den zu bew\u00e4ltigen. Hilfen gibt es:<\/p>\n<ul>\n<li>zur bestands- und bodenschonenden R\u00e4umung von Schadfl\u00e4chen und zur Lagerung von Schadholz,<\/li>\n<li>zur \u00dcberwachung, Vorbeugung und Bek\u00e4mpfung von Schadorganismen,<\/li>\n<li>zur Pr\u00e4vention und Bek\u00e4mpfung von Waldbr\u00e4nden und<\/li>\n<li>f\u00fcr Ma\u00dfnahmen zur Wiederaufforstung.<\/li>\n<\/ul>\n<p>Bundesministerin Kl\u00f6ckner hatte zudem zus\u00e4tzliche steuerliche Erleichterungen beim Bundesfinanzministerium f\u00fcr betroffene Waldeigent\u00fcmer und eine neue Waldf\u00f6rder-sparte bei der Landwirtschaftlichen Rentenbank erreicht.<\/p>\n<p>&nbsp;<\/p>\n<h3><\/h3>\n<h3>Hintergrund<\/h3>\n<p>&nbsp;<\/p>\n<h3>Nationaler Waldgipfel<\/h3>\n<p>Im vergangenen Jahr hatte das Bundeswaldministerium zu einem Nationalen Waldgipfel nach Berlin geladen. Mit dabei waren \u00fcber 230 Teilnehmer aus Verb\u00e4nden, Wirtschaft und Politik. Hier hat man sich auf Eckpunkte und Ma\u00dfnahmen zu &#8220;Deutschlands Wald im Klimawandel&#8221; geeinigt.<\/p>\n<p>Kurzfristige Hilfen sind wichtig &#8211; aber gleichzeitig gilt es, langfristig zu denken und das \u00d6kosystem Wald verst\u00e4rkt an die Herausforderungen, die mit dem Klimawandel ein-hergehen, anzupassen.<\/p>\n<p>Aspekte dabei sind:<\/p>\n<ul>\n<li>trockenheitstolerantere Baumarten zu pflanzen<\/li>\n<li>Wasserspeicherf\u00e4higkeit der Waldb\u00f6den zu verbessern<\/li>\n<li>Baumarten mit unterschiedlichen Anspr\u00fcchen und Eigenschaften (etwa B\u00e4ume mit tieferen und flacheren Wurzelsystemen) zu mischen,<\/li>\n<li>Waldzustand, Schadensrisiko und Sch\u00e4dlingssituation zielgerichtet zu analysieren (Waldschutzmonitoring),<\/li>\n<li>die Waldhygiene deutlich zu intensivieren (zum Beispiel rasche Beseitigung von Brutmaterial f\u00fcr Schaderreger).<\/li>\n<li>Risiko- Krisenmanagement<\/li>\n<\/ul>\n<p>Zudem wurde eine Expertenrunde &#8220;Risiko- und Krisenmanagement Forst &amp; Holz&#8221; ein-berufen, in der regelm\u00e4\u00dfig Vertreter der L\u00e4nder, des Waldeigentums, aus Forst- und Holzwirtschaft und der Wissenschaft \u00fcber die aktuelle Lage und Handlungserfordernis-se beraten und geeignete Ma\u00dfnahmen vorschlagen.<\/p>\n<h3>Baumhasel<\/h3>\n<p>Der Baumhasel (Corylus colurna) ist der gro\u00dfe Bruder der einheimischen Haselnuss. Sie wird in Mitteleuropa bereits seit Jahrzehnten als Stadt- und Parkbaumart genutzt und hat auch unter teils schwierigen Standortbedingungen dort bew\u00e4hrt. Das urspr\u00fcngliche Verbreitungsgebiet des Baumhasel, das sich von der Balkanhalbinsel \u00fcber den Norden der T\u00fcrkei bis in die Kaukasusregion erstreckt, ist durch Klimabedingungen gepr\u00e4gt, die in Folge des Klimawandels auch f\u00fcr Deutschland erwartet werden k\u00f6nnen. Die Art erweist sich dort als ausgesprochen klimastabil und kann Temperaturextreme von -38 \u00b0C bis +40 \u00b0C selbst bei trockenen Standortbedingungen ertragen.<\/p>\n","protected":false},"excerpt":{"rendered":"<p>St\u00fcrme, D\u00fcrre, Waldbr\u00e4nde und Borkenk\u00e4ferbefall \u2013 das hat 2018 und 2019 gravierende Sch\u00e4den in den W\u00e4ldern verursacht. Und die Bef\u00fcrchtung ist, dass auch das Jahr 2020 dem Wald immens zusetzt. Der Jahresbeginn 2020 war durch anhaltende Regenphasen gepr\u00e4gt, in deren Verlauf sich die Wasserreservoire gr\u00f6\u00dftenteils wieder gef\u00fcllt haben. In den vergangenen Wochen hingegen war verbreitet [&#8230;]<\/p>\n","protected":false},"author":59,"featured_media":0,"comment_status":"closed","ping_status":"closed","sticky":false,"template":"","format":"standard","meta":{"_seopress_robots_primary_cat":"","nova_meta_subtitle":"","footnotes":""},"categories":[5572],"tags":[10608,13536],"supplier":[6286],"class_list":["post-74300","post","type-post","status-publish","format-standard","hentry","category-bio-based","tag-biooekonomie","tag-forstwirtschaft","supplier-bundesministerium-ernahrung-landwirtschaft"],"_links":{"self":[{"href":"https:\/\/renewable-carbon.eu\/news\/wp-json\/wp\/v2\/posts\/74300","targetHints":{"allow":["GET"]}}],"collection":[{"href":"https:\/\/renewable-carbon.eu\/news\/wp-json\/wp\/v2\/posts"}],"about":[{"href":"https:\/\/renewable-carbon.eu\/news\/wp-json\/wp\/v2\/types\/post"}],"author":[{"embeddable":true,"href":"https:\/\/renewable-carbon.eu\/news\/wp-json\/wp\/v2\/users\/59"}],"replies":[{"embeddable":true,"href":"https:\/\/renewable-carbon.eu\/news\/wp-json\/wp\/v2\/comments?post=74300"}],"version-history":[{"count":0,"href":"https:\/\/renewable-carbon.eu\/news\/wp-json\/wp\/v2\/posts\/74300\/revisions"}],"wp:attachment":[{"href":"https:\/\/renewable-carbon.eu\/news\/wp-json\/wp\/v2\/media?parent=74300"}],"wp:term":[{"taxonomy":"category","embeddable":true,"href":"https:\/\/renewable-carbon.eu\/news\/wp-json\/wp\/v2\/categories?post=74300"},{"taxonomy":"post_tag","embeddable":true,"href":"https:\/\/renewable-carbon.eu\/news\/wp-json\/wp\/v2\/tags?post=74300"},{"taxonomy":"supplier","embeddable":true,"href":"https:\/\/renewable-carbon.eu\/news\/wp-json\/wp\/v2\/supplier?post=74300"}],"curies":[{"name":"wp","href":"https:\/\/api.w.org\/{rel}","templated":true}]}}