{"id":7393,"date":"2004-08-24T00:00:00","date_gmt":"2004-08-23T22:00:00","guid":{"rendered":"http:\/\/www.bio-based.eu\/news\/index.php?startid=20040824-08n"},"modified":"2004-08-24T00:00:00","modified_gmt":"2004-08-23T22:00:00","slug":"videofilm-farben-aus-der-natur-frberpflanzen","status":"publish","type":"post","link":"https:\/\/renewable-carbon.eu\/news\/videofilm-farben-aus-der-natur-frberpflanzen\/","title":{"rendered":"Videofilm: &#8220;Farben aus der Natur &ndash; F&auml;rberpflanzen&#8221;"},"content":{"rendered":"<p><img SRC=\"https:\/\/renewable-carbon.eu\/news\/wp-content\/uploads\/news-images\/20040824-08\/faerbpf2.jpg\" align=\"left\" style=\"margin-right:10px;\" BORDER=\"0\" ALT=\"faerbpf2\"\/><br style=\"clear:left;\"\/><br \/>Vom <a href=\"http:\/\/www.mlur.brandenburg.de\/l\/pflanze\/fpfvideo.htm\" >Landesamt f\u00fcr Verbraucherschutz und Landwirtschaft Brandenburg<\/a>, Ref. Acker- und Pflanzenbau, wurden die Ergebnisse eines F\u00f6rdervorhabens zum &#8220;Anbau und Nutzungsm\u00f6glichkeiten von F\u00e4rberpflanzen in Brandenburg&#8221; mit Unterst\u00fctzung der Sanssouci-Film GmbH Kleinmachnow in einem Videofilm zusammen gefasst. <\/p>\n<p>Der Film gibt in 9 Abschnitten<\/p>\n<ul>\n<li>Historie<\/li>\n<li>F\u00e4rberpflanze: <a href=\"http:\/\/www.mlur.brandenburg.de\/l\/pflanze\/resede.htm\" >F\u00e4rber-Resede<\/a> \u2013 Anbau, Ernte, Trocknung<\/li>\n<li>F\u00e4rberpflanze: <a href=\"http:\/\/www.mlur.brandenburg.de\/l\/pflanze\/krapp.htm\" >Krapp<\/a> \u2013 Anbau, Ernte, Trocknung<\/li>\n<li>Farbstoffgewinnung<\/li>\n<li>Holzhackschnitzelf\u00e4rbung&#8221;[www.mlur.brandenburg.de\/l\/pflanze\/hackschn.htm] f\u00fcr den GALA-Bereich<\/li>\n<li><a href=\"http:\/\/www.mlur.brandenburg.de\/l\/pflanze\/faerbung.htm\" >Textilf\u00e4rbung<\/a> und Pr\u00e4sentation von Modellen<\/li>\n<li>Marktakzeptanz und -erfordernisse<\/li>\n<li>Einsatzvielfalt<\/li>\n<\/ul>\n<p>einen <b>aktuellen und informativen \u00dcberblick zu diesen Themen<\/b>. Die Spieldauer betr\u00e4gt 17 Minuten.<\/p>\n<p><b>Zielgruppe des Videos:<\/b> <br \/>-Interessierte \u00d6ffentlichkeit <br \/>-Landwirte, Berater und H\u00e4ndler, <br \/>-aber ebenso auch Schulen und die Medien.<br \/>Besonders angesprochen werden sollen mit dieser Pr\u00e4sentation jedoch Aus- und Weiterbildungstr\u00e4ger im agrarischen Bereich.<br \/>Der Videofilm ist gegen eine Schutzgeb\u00fchr von 7,50 Euro (zuz\u00fcgl. Versandkosten) in einer begrenzten Anzahl erh\u00e4ltlich. <\/p>\n<p>Es besteht weiterhin die <b>Ausleihm\u00f6glichkeit<\/b> beim Landesamt f\u00fcr Verbraucherschutz, Landwirtschaft und Flurneuordnung, Ref. Acker- und Pflanzenbau, G\u00fcterfelde.<\/p>\n<p>Ferner ist  gegen Versandpauschale auch der <b>Tagungsband zum Symposium &#8220;Naturfarben &#8211; Chancen f\u00fcr Produktinnovationen&#8221;<\/b>, (W\u00f6hler, V., Landeck, I. (2001):  \u00d6kologische Aspekte des Anbaus von F\u00e4rberpflanzen, Potsdam 2001) noch verf\u00fcgbar!<\/p>\n<p><a href=\"https:\/\/renewable-carbon.eu\/news\/wp-content\/uploads\/news-images\/20040824-08\/%2000TB%20Inhaltsverzeichnis.pdf\" >Inhaltsverzeichnis des Tagungsbandes hier zum Download!<\/a><\/p>\n<p>Das zweit\u00e4gige Symposium wurde mit Unterst\u00fctzung der <a href=\"http:\/\/www.fnr.de\/\" >Fachagentur Nachwachsende Rohstoffe<\/a>, G\u00fclzow und der BUGA Potsdam 2001 durch die Landesanstalt f\u00fcr Landwirtschaft Teltow vorbereitet.<\/p>\n<p><b>Ansprechpartner:<\/b><br \/>Referatsleiter Dr. Lothar Adam<br \/>Tel.: 03329-69 14-23\t\t<br \/>Fax: 03329-69 14-29<br \/>E-Mail: <a href=\"mailto:Lothar.Adam@lvlf.brandenburg.de\">Lothar.Adam@lvlf.brandenburg.de<\/a><\/p>\n<p>(Vgl. Meldung vom <a href=\"https:\/\/renewable-carbon.eu\/news\/faerberpflanzen-eine-ganz-natuerliche-liaison\/\" >2002-08-15<\/a>.)<\/p>\n","protected":false},"excerpt":{"rendered":"<p>Vom Landesamt f&uuml;r Verbraucherschutz und Landwirtschaft Brandenburg, Ref. Acker- und Pflanzenbau, wurden die Ergebnisse eines F&ouml;rdervorhabens zum &#8220;Anbau und Nutzungsm&ouml;glichkeiten von F&auml;rberpflanzen in Brandenburg&#8221;<\/p>\n","protected":false},"author":3,"featured_media":0,"comment_status":"closed","ping_status":"closed","sticky":false,"template":"","format":"standard","meta":{"_seopress_robots_primary_cat":"","nova_meta_subtitle":"","footnotes":""},"categories":[5572],"tags":[],"supplier":[],"class_list":["post-7393","post","type-post","status-publish","format-standard","hentry","category-bio-based"],"_links":{"self":[{"href":"https:\/\/renewable-carbon.eu\/news\/wp-json\/wp\/v2\/posts\/7393","targetHints":{"allow":["GET"]}}],"collection":[{"href":"https:\/\/renewable-carbon.eu\/news\/wp-json\/wp\/v2\/posts"}],"about":[{"href":"https:\/\/renewable-carbon.eu\/news\/wp-json\/wp\/v2\/types\/post"}],"author":[{"embeddable":true,"href":"https:\/\/renewable-carbon.eu\/news\/wp-json\/wp\/v2\/users\/3"}],"replies":[{"embeddable":true,"href":"https:\/\/renewable-carbon.eu\/news\/wp-json\/wp\/v2\/comments?post=7393"}],"version-history":[{"count":0,"href":"https:\/\/renewable-carbon.eu\/news\/wp-json\/wp\/v2\/posts\/7393\/revisions"}],"wp:attachment":[{"href":"https:\/\/renewable-carbon.eu\/news\/wp-json\/wp\/v2\/media?parent=7393"}],"wp:term":[{"taxonomy":"category","embeddable":true,"href":"https:\/\/renewable-carbon.eu\/news\/wp-json\/wp\/v2\/categories?post=7393"},{"taxonomy":"post_tag","embeddable":true,"href":"https:\/\/renewable-carbon.eu\/news\/wp-json\/wp\/v2\/tags?post=7393"},{"taxonomy":"supplier","embeddable":true,"href":"https:\/\/renewable-carbon.eu\/news\/wp-json\/wp\/v2\/supplier?post=7393"}],"curies":[{"name":"wp","href":"https:\/\/api.w.org\/{rel}","templated":true}]}}