{"id":71423,"date":"2020-02-10T07:32:53","date_gmt":"2020-02-10T06:32:53","guid":{"rendered":"https:\/\/renewable-carbon.eu\/news\/?p=71423"},"modified":"2020-02-05T13:40:18","modified_gmt":"2020-02-05T12:40:18","slug":"holzbauplus-sonderpreis-fuer-kindertagesstaetten","status":"publish","type":"post","link":"https:\/\/renewable-carbon.eu\/news\/holzbauplus-sonderpreis-fuer-kindertagesstaetten\/","title":{"rendered":"HolzbauPlus: Sonderpreis f\u00fcr Kindertagesst\u00e4tten"},"content":{"rendered":"<figure id=\"attachment_71425\" aria-describedby=\"caption-attachment-71425\" style=\"width: 167px\" class=\"wp-caption alignright\"><a href=\"https:\/\/www.fnr.de\/fileadmin\/news\/fnr\/2020\/PM_KIWUH_2020.03_H__Sonderpreis_Kita-Lummerland_009.jpg\"><img loading=\"lazy\" decoding=\"async\" class=\"  wp-image-71425\" src=\"https:\/\/renewable-carbon.eu\/news\/wp-content\/uploads\/2020\/02\/csm_PM_KIWUH_2020.03_H__Sonderpreis_Kita-Lummerland_009_a917148421.jpg\" alt=\"csm_PM_KIWUH_2020.03_H__Sonderpreis_Kita-Lummerland_009_a917148421\" width=\"167\" height=\"111\" \/><\/a><figcaption id=\"caption-attachment-71425\" class=\"wp-caption-text\">Pr\u00e4mierter Holzbau: Das Kinderhaus Uttenreuth im mittelfr\u00e4nkischen Landkreis Erlangen-H\u00f6chstadt geh\u00f6rte zu den Preistr\u00e4gern des ersten HolzbauPlus-Wettbewerbs 2012. Foto: FNR\/D. Hagenguth<\/figcaption><\/figure>\n<p><strong>Im k\u00fcrzlich gestarteten Bundeswettbewerb \u201eHolzbauPlus\u201c des Bundesministeriums f\u00fcr Ern\u00e4hrung und Landwirtschaft (BMEL) wird neben Pr\u00e4mierungen in drei bew\u00e4hrten Bau-Kategorien erstmals ein Sonderpreis f\u00fcr Kindertagesst\u00e4tten ausgeschrieben. Bewerbungen in allen Wettbewerbskategorien sind bis zum 01. September 2020 m\u00f6glich.<\/strong><\/p>\n<p>Der \u201eSonderpreis Kita\u201c pr\u00e4miert herausragende und beispielhafte Konzepte f\u00fcr Kindertagesst\u00e4tten, die bei Bau oder Sanierung auf nachwachsende biobasierte Produkte setzten und den Gedanken der Nachhaltigkeit m\u00f6glichst auch in Ausstattung, Ern\u00e4hrung und Erziehung integrieren.<\/p>\n<figure id=\"attachment_71426\" aria-describedby=\"caption-attachment-71426\" style=\"width: 174px\" class=\"wp-caption alignleft\"><a href=\"https:\/\/www.fnr.de\/fileadmin\/news\/fnr\/2020\/PM_KIWUH_2020.03_H__Sonderpreis_Kita_Lummerland_110.jpg\"><img loading=\"lazy\" decoding=\"async\" class=\"  wp-image-71426\" src=\"https:\/\/renewable-carbon.eu\/news\/wp-content\/uploads\/2020\/02\/csm_PM_KIWUH_2020.03_H__Sonderpreis_Kita_Lummerland_110_2171b124b1.jpg\" alt=\"csm_PM_KIWUH_2020.03_H__Sonderpreis_Kita_Lummerland_110_2171b124b1\" width=\"174\" height=\"116\" \/><\/a><figcaption id=\"caption-attachment-71426\" class=\"wp-caption-text\">Neben der baulichen H\u00fclle ist auch die Innenausstattung der Kindertagesst\u00e4tte f\u00fcr die Wettbewerbsbewertung von Belang. Foto: FNR\/D. Hagenguth<\/figcaption><\/figure>\n<p>Bewerben k\u00f6nnen sich \u00f6ffentliche und freie Tr\u00e4ger oder Betreiber von Kindertagesst\u00e4tten oder Kindertagespflegestellen, die zwischen August 2015 und August 2020 mit Produkten aus nachwachsenden Rohstoffen und zertifiziertem Holz errichtet oder saniert worden sind.<\/p>\n<p>Bewertet werden der Bauk\u00f6rper der \u201enachwachsenden Kita\u201c mit Inneneinrichtung, Freifl\u00e4chengestaltung und Energiekonzept. Auf Nachhaltigkeit ausgerichtete p\u00e4dagogische und Ern\u00e4hrungskonzepte werden erg\u00e4nzend ber\u00fccksichtigt.<\/p>\n<p><a href=\"https:\/\/www.holzbauplus-wettbewerb.info\/\" target=\"_blank\">Die Bewerbungsplattform steht hier zur Verf\u00fcgung.<\/a><\/p>\n<p>&nbsp;<\/p>\n<h3>Hintergrund<\/h3>\n<p>Das Bundesministerium f\u00fcr Ern\u00e4hrung und Landwirtschaft (BMEL) legt den HolzbauPlus-Wettbewerb f\u00fcr \u00f6ffentliche, private und gewerbliche Bauherren bereits zum f\u00fcnften Mal auf. F\u00fcr die Pr\u00e4mierung in den Kategorien \u201eWohnungsbau Mehrfamilienh\u00e4user\u201c, \u201eWohnungsbau Einfamilienh\u00e4user\u201c, \u201e\u00d6ffentliche und gewerbliche Bauten\u201c sowie \u201eSonderpreis f\u00fcr Kindertagesst\u00e4tten\u201c stellt das BMEL Preisgelder in H\u00f6he von insgesamt 50.000 Euro bereit. Teilnahmeschluss ist der 01. September 2020. Die Preise und Anerkennungen werden im Januar 2021 auf der Internationalen Gr\u00fcnen Woche in Berlin verliehen.<\/p>\n<p>Die FNR ist seit 1993 als Projekttr\u00e4ger des BMEL f\u00fcr das F\u00f6rderprogramm Nachwachsende Rohstoffe aktiv. Sie unterst\u00fctzt au\u00dferdem Forschungsthemen in den Bereichen nachhaltige Forstwirtschaft und innovative Holzverwendung. Das Kompetenz- und Informationszentrum Wald und Holz (KIWUH) ist eine Abteilung der FNR.<\/p>\n","protected":false},"excerpt":{"rendered":"<p>Im k\u00fcrzlich gestarteten Bundeswettbewerb \u201eHolzbauPlus\u201c des Bundesministeriums f\u00fcr Ern\u00e4hrung und Landwirtschaft (BMEL) wird neben Pr\u00e4mierungen in drei bew\u00e4hrten Bau-Kategorien erstmals ein Sonderpreis f\u00fcr Kindertagesst\u00e4tten ausgeschrieben. Bewerbungen in allen Wettbewerbskategorien sind bis zum 01. September 2020 m\u00f6glich. Der \u201eSonderpreis Kita\u201c pr\u00e4miert herausragende und beispielhafte Konzepte f\u00fcr Kindertagesst\u00e4tten, die bei Bau oder Sanierung auf nachwachsende biobasierte Produkte [&#8230;]<\/p>\n","protected":false},"author":59,"featured_media":0,"comment_status":"closed","ping_status":"closed","sticky":false,"template":"","format":"standard","meta":{"_seopress_robots_primary_cat":"","nova_meta_subtitle":"","footnotes":""},"categories":[5572],"tags":[10608,12987],"supplier":[6286,19232,15289],"class_list":["post-71423","post","type-post","status-publish","format-standard","hentry","category-bio-based","tag-biooekonomie","tag-holzbau","supplier-bundesministerium-ernahrung-landwirtschaft","supplier-fachagentur-nachwachsende-rohstoffe-e-v-fnr","supplier-kompetenz-und-informationszentrum-wald-und-holz-kiwuh"],"_links":{"self":[{"href":"https:\/\/renewable-carbon.eu\/news\/wp-json\/wp\/v2\/posts\/71423","targetHints":{"allow":["GET"]}}],"collection":[{"href":"https:\/\/renewable-carbon.eu\/news\/wp-json\/wp\/v2\/posts"}],"about":[{"href":"https:\/\/renewable-carbon.eu\/news\/wp-json\/wp\/v2\/types\/post"}],"author":[{"embeddable":true,"href":"https:\/\/renewable-carbon.eu\/news\/wp-json\/wp\/v2\/users\/59"}],"replies":[{"embeddable":true,"href":"https:\/\/renewable-carbon.eu\/news\/wp-json\/wp\/v2\/comments?post=71423"}],"version-history":[{"count":0,"href":"https:\/\/renewable-carbon.eu\/news\/wp-json\/wp\/v2\/posts\/71423\/revisions"}],"wp:attachment":[{"href":"https:\/\/renewable-carbon.eu\/news\/wp-json\/wp\/v2\/media?parent=71423"}],"wp:term":[{"taxonomy":"category","embeddable":true,"href":"https:\/\/renewable-carbon.eu\/news\/wp-json\/wp\/v2\/categories?post=71423"},{"taxonomy":"post_tag","embeddable":true,"href":"https:\/\/renewable-carbon.eu\/news\/wp-json\/wp\/v2\/tags?post=71423"},{"taxonomy":"supplier","embeddable":true,"href":"https:\/\/renewable-carbon.eu\/news\/wp-json\/wp\/v2\/supplier?post=71423"}],"curies":[{"name":"wp","href":"https:\/\/api.w.org\/{rel}","templated":true}]}}