{"id":6718,"date":"2004-02-27T00:00:00","date_gmt":"2004-02-26T22:00:00","guid":{"rendered":"http:\/\/www.bio-based.eu\/news\/index.php?startid=20040227-06n"},"modified":"2004-02-27T00:00:00","modified_gmt":"2004-02-26T22:00:00","slug":"diskurs-ueber-nachhaltigkeit","status":"publish","type":"post","link":"https:\/\/renewable-carbon.eu\/news\/diskurs-ueber-nachhaltigkeit\/","title":{"rendered":"Diskurs \u00fcber Nachhaltigkeit"},"content":{"rendered":"<p>Der Autor J\u00f6rg Tremmel f\u00fchrt in seinem Buch <b>&#8220;Nachhaltigkeit als politische und analytische Kategorie&#8221;<\/b> einen Diskurs \u00fcber den Begriff Nachhaltigkeit in Deutschland. Im Vordergrund stehen folgende Fragen: Welche Interessensgruppen wollen Nachhaltigkeit definieren? Gibt es Definitionen, die nicht interessengeleitet sind? Welche Definition wird sich durchsetzen?<\/p>\n<p>Mehr als 60 Nachhaltigkeitskonzepte verschiedener Wissenschaftler wurden untersucht. Dabei lassen sich, stark vereinfacht, eine enggefasste und eine weite Position gegen\u00fcberstellen. <\/p>\n<p>Der eng gefassten Definition liegt das Konzept des Flie\u00dfgleichgewichts zu Grunde: &#8220;es soll nicht mehr Holz geschlagen werden als wieder nachw\u00e4chst&#8221;. Sie wird vor allem von \u00d6kologen vertreten und als umweltpolitisches Leitbild gesehen. Bei der weiten Definition sind mehrere S\u00e4ulen gleich berechtigt, wie die \u00f6kologische, \u00f6konomische und soziale. <\/p>\n<p>Zunehmend wird der eng definierte Begriff verdr\u00e4ngt. Umweltwissenschaft und Umweltbewegung stehen vor der Frage, den Begriff nur noch mit erkl\u00e4rendem Adjektiv zu verwenden und von &#8220;\u00f6kologischer Nachhaltigkeit&#8221; zu sprechen oder einen neuen Leitbegriff einzuf\u00fchren.<\/p>\n<p>Das Buch gibt es f\u00fcr 20 Euro im Buchhandel (ISBN 3-936581-14-2) oder direkt beim oekom Verlag M\u00fcnchen, E-Mail: <a href=\"mailto:kontakt@oekom.de\">kontakt@oekom.de<\/a><\/p>\n","protected":false},"excerpt":{"rendered":"<p>Der Autor J&ouml;rg Tremmel f&uuml;hrt in seinem Buch <b>&#8220;Nachhaltigkeit als politische und analytische Kategorie&#8221;<\/b> einen Diskurs &uuml;ber den Begriff Nachhaltigkeit in Deutschland. Im Vordergrund stehen<\/p>\n","protected":false},"author":3,"featured_media":0,"comment_status":"closed","ping_status":"closed","sticky":false,"template":"","format":"standard","meta":{"_seopress_robots_primary_cat":"","nova_meta_subtitle":"","footnotes":""},"categories":[5572],"tags":[],"supplier":[],"class_list":["post-6718","post","type-post","status-publish","format-standard","hentry","category-bio-based"],"_links":{"self":[{"href":"https:\/\/renewable-carbon.eu\/news\/wp-json\/wp\/v2\/posts\/6718","targetHints":{"allow":["GET"]}}],"collection":[{"href":"https:\/\/renewable-carbon.eu\/news\/wp-json\/wp\/v2\/posts"}],"about":[{"href":"https:\/\/renewable-carbon.eu\/news\/wp-json\/wp\/v2\/types\/post"}],"author":[{"embeddable":true,"href":"https:\/\/renewable-carbon.eu\/news\/wp-json\/wp\/v2\/users\/3"}],"replies":[{"embeddable":true,"href":"https:\/\/renewable-carbon.eu\/news\/wp-json\/wp\/v2\/comments?post=6718"}],"version-history":[{"count":0,"href":"https:\/\/renewable-carbon.eu\/news\/wp-json\/wp\/v2\/posts\/6718\/revisions"}],"wp:attachment":[{"href":"https:\/\/renewable-carbon.eu\/news\/wp-json\/wp\/v2\/media?parent=6718"}],"wp:term":[{"taxonomy":"category","embeddable":true,"href":"https:\/\/renewable-carbon.eu\/news\/wp-json\/wp\/v2\/categories?post=6718"},{"taxonomy":"post_tag","embeddable":true,"href":"https:\/\/renewable-carbon.eu\/news\/wp-json\/wp\/v2\/tags?post=6718"},{"taxonomy":"supplier","embeddable":true,"href":"https:\/\/renewable-carbon.eu\/news\/wp-json\/wp\/v2\/supplier?post=6718"}],"curies":[{"name":"wp","href":"https:\/\/api.w.org\/{rel}","templated":true}]}}