{"id":66738,"date":"2019-09-20T07:35:00","date_gmt":"2019-09-20T05:35:00","guid":{"rendered":"https:\/\/renewable-carbon.eu\/news\/?p=66738"},"modified":"2019-09-17T14:18:52","modified_gmt":"2019-09-17T12:18:52","slug":"die-nachfrage-nach-biomaterialien-nimmt-deutlich-zu","status":"publish","type":"post","link":"https:\/\/renewable-carbon.eu\/news\/die-nachfrage-nach-biomaterialien-nimmt-deutlich-zu\/","title":{"rendered":"Die Nachfrage nach Biomaterialien nimmt deutlich zu"},"content":{"rendered":"<h3>Im Zuge der von der EU forcierten Kreislaufwirtschaft soll sich die Menge an zu verarbeitenden Rezyklaten deutlich erh\u00f6hen. Braucht es da technologische Anpassungen Ihrer Maschinen?<\/h3>\n<p><strong><img loading=\"lazy\" decoding=\"async\" class=\"  wp-image-66740 alignright\" src=\"https:\/\/renewable-carbon.eu\/news\/wp-content\/uploads\/2019\/09\/article-300x121.jpg\" alt=\"article\" width=\"253\" height=\"102\" srcset=\"https:\/\/renewable-carbon.eu\/news\/media\/2019\/09\/article-300x121.jpg 300w, https:\/\/renewable-carbon.eu\/news\/media\/2019\/09\/article-600x242.jpg 600w, https:\/\/renewable-carbon.eu\/news\/media\/2019\/09\/article.jpg 620w\" sizes=\"auto, (max-width: 253px) 100vw, 253px\" \/>Arne Festerling:<\/strong> Auf unseren Maschinen werden schon seit Jahrzehnten Rezyklate verarbeitet. Wir brauchen f\u00fcr die Kreislaufwirtschaft und die zu erwartenden gr\u00f6\u00dferen Rezyklatmengen also keine Ver\u00e4nderungen an unseren Maschinen. Die k\u00f6nnen das heute schon.<\/p>\n<h3>Welche Rolle spielt die Qualit\u00e4t des Rezyklats bei der Verarbeitung?<\/h3>\n<p><strong>Festerling:<\/strong> Sie beeinflusst nat\u00fcrlich das Ergebnis. Wenn wir schlechtes Material in den Extruder schicken, k\u00f6nnen wir das dort nicht wunderheilen. Aber wir k\u00f6nnen das Material sehr gut aufbereiten. Wenn man an die Folienherstellung denkt, k\u00f6nnen wir sehr gut Rezyklate etwa aus Randstreifen oder Material von der Vorproduktion mit einarbeiten.<\/p>\n<h3>Stellen Sie bei Ihren Kunden ein zunehmendes Interesse am Einsatz von Rezyklaten fest?<\/h3>\n<p><strong>Festerling<\/strong>: Ja. Vor dem Hintergrund des schlechten Images, das Kunststoff inzwischen hat, besch\u00e4ftigen sich unsere Kunden vermehrt mit der M\u00f6glichkeit, Rezyklate einzusetzen. Da ist eine Tendenz sp\u00fcrbar. Aber mehr noch sehen wir eine st\u00e4rkere Nachfrage nach der Verarbeitung von Biomaterialien. Man will mit unseren Maschinen immer h\u00e4ufiger Biopolymere herstellen. Die sind thermisch sehr empfindlich. Da haben wir mit unserem Planetwalzenextruder den Vorteil, dass wir sehr gut temperieren k\u00f6nnen. Bei uns liegt der Anteil der biobasierten Kunststoffe, die wir verarbeiten sollen, mittlerweile nahe 50 Prozent. Diese Entwicklung hat vor etwa f\u00fcnf Jahren angefangen und in den letzten beiden Jahren an Dynamik zugenommen.<\/p>\n<h3>Betrifft diese Nachfrage biobasierte oder biologisch abbaubare Kunststoffe?<\/h3>\n<p><strong>Festerling:<\/strong> Wir k\u00f6nnen beides verarbeiten. Zum Beispiel Holzpolymerwerkstoffe, also WPC, die unter anderem als Terrassendielen oder Fassadenverkleidungen eingesetzt werden. Die bestehen aus Holzmehl und Polyethylen. Auf unseren Maschinen wird WPC verarbeitet, das bis zu 80 Prozent Holzmehl enth\u00e4lt und nur 20 Prozent Polyethylen. Das Holzmehl ist Abfall aus S\u00e4gewerken. Man kann also aus einem Abfallprodukt ein neuwertiges Endprodukt herstellen und schont damit den Einsatz von Hartholz. Holzpolymerwerkstoffe sind auch gut f\u00fcrs Klima, denn je mehr man davon einsetzt, desto mehr schont man die B\u00e4ume. Und die k\u00f6nnen dann helfen, die CO<sub>2<\/sub>-Bilanz zu verbessern.<\/p>\n<h3>L\u00e4sst sich dieser Werkstoff recyceln?<\/h3>\n<p><strong>Festerling:<\/strong> F\u00fcr WPC besteht quasi schon eine funktionierende Kreislaufwirtschaft. Beim Abriss eines Geb\u00e4udes zum Beispiel nimmt der Fassadenhersteller die WPC-Platten wieder zur\u00fcck. Sie werden geschreddert und anschlie\u00dfend in neue Produkte eingearbeitet, die dann wieder verkauft werden. Oder auch Terrassendielen. Die liegen vielleicht 20 Jahre drau\u00dfen und dann macht man wieder neue daraus.<\/p>\n<h3>China hat vor kurzen aus dem Nichts in 46 Gro\u00dfst\u00e4dten Sammelsysteme eingef\u00fchrt. Kann das Land ein Vorbild sein?<\/h3>\n<p><strong>Festerling:<\/strong> Man kann immer wieder sehen, wie schnell in China Entwicklungen vorangetrieben werden. Hier in Europa dauert es oft schon sehr lange. Ich denke, an einem Markt mit 1,4 Milliarden Menschen kommt man nicht vorbei, wenn man globale Herausforderungen l\u00f6sen m\u00f6chte. Deshalb gehen wir auch deutlich st\u00e4rker in den chinesischen Markt. Mit Verfahren, die wir fr\u00fcher dort nicht hatten.<\/p>\n<h3>Aber die Chinesen holen gerade in der Maschinentechnik schnell auf, oder?<\/h3>\n<p><strong>Festerling:<\/strong> Wir k\u00f6nnen dort Maschinen verkaufen, wo es technologisch anspruchsvoll ist. Denn da haben wir schon noch die Nase vorn. Wir stecken viel Geld in Forschung und Entwicklung, damit das auch weiterhin so bleibt. Es gibt nat\u00fcrlich Wettbewerber in China, aber keine, die so ein System wie unseren Planetwalzenextruder haben. Wir machen in China inzwischen noch mehr Verfahrensentwicklung, und wir gehen neben dem klassischen PVC-Markt, der fr\u00fcher unser Schwerpunkt in China war, immer st\u00e4rker in andere M\u00e4rkte, etwa in die Recycling- oder auch in die Lebensmittelbranche.<\/p>\n<h3>Viele Firmen aus der Kunststoffwelt beklagen, dass das schlechte Image des Werkstoffs Fachkr\u00e4fte abschreckt. Sp\u00fcren Sie das auch?<\/h3>\n<p><strong>Festerling:<\/strong> Wir erleben es eher andersherum. Die Menschen sehen, dass wir etwas tun, um die Abfallproblematik zu l\u00f6sen. Das macht uns als Arbeitgeber attraktiv. Wir haben zum Beispiel viel Energie in das Recycling von Altreifen gesteckt. In der Gummiaufbereitung findet ein Prozess des Vulkanisierens statt. Den machen wir in unseren Maschinen r\u00fcckg\u00e4ngig, so dass man das Material wieder wie neues Gummi verwenden kann. Wenn man das richtig kommuniziert, dann stehen wir als ein Unternehmen da, das sich der Themen annimmt, die die Gesellschaft als Problem ansieht.<\/p>\n","protected":false},"excerpt":{"rendered":"<p>Im Zuge der von der EU forcierten Kreislaufwirtschaft soll sich die Menge an zu verarbeitenden Rezyklaten deutlich erh\u00f6hen. Braucht es da technologische Anpassungen Ihrer Maschinen? Arne Festerling: Auf unseren Maschinen werden schon seit Jahrzehnten Rezyklate verarbeitet. Wir brauchen f\u00fcr die Kreislaufwirtschaft und die zu erwartenden gr\u00f6\u00dferen Rezyklatmengen also keine Ver\u00e4nderungen an unseren Maschinen. Die k\u00f6nnen [&#8230;]<\/p>\n","protected":false},"author":59,"featured_media":0,"comment_status":"closed","ping_status":"closed","sticky":false,"template":"","format":"standard","meta":{"_seopress_robots_primary_cat":"","nova_meta_subtitle":"","footnotes":""},"categories":[5572],"tags":[13082,12257,11841],"supplier":[9759,903],"class_list":["post-66738","post","type-post","status-publish","format-standard","hentry","category-bio-based","tag-bioabbaubarkeit","tag-biopolymere","tag-kreislaufwirtschaft","supplier-entex-rust-mitschke-gmbh","supplier-verband-deutscher-maschinen-und-anlagenbau-ev-vdma"],"_links":{"self":[{"href":"https:\/\/renewable-carbon.eu\/news\/wp-json\/wp\/v2\/posts\/66738","targetHints":{"allow":["GET"]}}],"collection":[{"href":"https:\/\/renewable-carbon.eu\/news\/wp-json\/wp\/v2\/posts"}],"about":[{"href":"https:\/\/renewable-carbon.eu\/news\/wp-json\/wp\/v2\/types\/post"}],"author":[{"embeddable":true,"href":"https:\/\/renewable-carbon.eu\/news\/wp-json\/wp\/v2\/users\/59"}],"replies":[{"embeddable":true,"href":"https:\/\/renewable-carbon.eu\/news\/wp-json\/wp\/v2\/comments?post=66738"}],"version-history":[{"count":0,"href":"https:\/\/renewable-carbon.eu\/news\/wp-json\/wp\/v2\/posts\/66738\/revisions"}],"wp:attachment":[{"href":"https:\/\/renewable-carbon.eu\/news\/wp-json\/wp\/v2\/media?parent=66738"}],"wp:term":[{"taxonomy":"category","embeddable":true,"href":"https:\/\/renewable-carbon.eu\/news\/wp-json\/wp\/v2\/categories?post=66738"},{"taxonomy":"post_tag","embeddable":true,"href":"https:\/\/renewable-carbon.eu\/news\/wp-json\/wp\/v2\/tags?post=66738"},{"taxonomy":"supplier","embeddable":true,"href":"https:\/\/renewable-carbon.eu\/news\/wp-json\/wp\/v2\/supplier?post=66738"}],"curies":[{"name":"wp","href":"https:\/\/api.w.org\/{rel}","templated":true}]}}