{"id":66014,"date":"2019-08-30T07:32:33","date_gmt":"2019-08-30T05:32:33","guid":{"rendered":"https:\/\/renewable-carbon.eu\/news\/?p=66014"},"modified":"2021-09-09T21:27:17","modified_gmt":"2021-09-09T19:27:17","slug":"luftfahrtkonferenz-flugverkehr-soll-gruener-werden","status":"publish","type":"post","link":"https:\/\/renewable-carbon.eu\/news\/luftfahrtkonferenz-flugverkehr-soll-gruener-werden\/","title":{"rendered":"Luftfahrtkonferenz: Flugverkehr soll &#8220;gr\u00fcner&#8221; werden"},"content":{"rendered":"<p>Synthetischer Flugzeugsprit und Wasserstoff-Jets: Bundeskanzlerin Merkel will die Luftfahrt in Deutschland klimafreundlicher machen. Eine h\u00f6here Luftverkehrssteuer soll Starthilfe geben.<\/p>\n<p>Bundeskanzlerin Angela Merkel will Deutschland zu einem f\u00fchrenden Standort f\u00fcr klimavertr\u00e4glichere Flugzeugtechnologien machen. Gelingen soll das mit Hilfe neuer Kraftstoffe. Auf der ersten Nationalen Luftfahrtkonferenz am Flughafen Leipzig\/Halle sagte Merkel, die Potenziale von Wasserstoff, auch f\u00fcr die Luftfahrt, seien l\u00e4ngst nicht erschlossen. Sie k\u00fcndigte an, bis zum Jahresende eine &#8220;<a href=\"https:\/\/www.electrive.net\/2019\/08\/22\/merkel-kuendigt-wasserstoffstrategie-fuer-luftfahrt-an\/\" target=\"_blank\" rel=\"noopener\">nationale Wasserstoffstrategie&#8221;<\/a> vorzulegen.<\/p>\n<p>Kanzlerin Merkel pl\u00e4dierte f\u00fcr verst\u00e4rkte Forschung an Wasserstoffantrieben.<br \/>\nVerbote seien dagegen nicht das richtige Mittel, um die Emissionen durch den Flugverkehr zu senken: &#8220;Wir wollen keine erzwungenen Einschr\u00e4nkungen unserer Mobilit\u00e4t&#8221;, so Merkel. Ziel m\u00fcsse es sein, trotz einer wachsenden Luftfahrtbranche die gleichzeitig wachsenden klimasch\u00e4dlichen Emissionen zu senken.<\/p>\n<p>Merkel verwies in Leipzig auf die gesamtwirtschaftliche Bedeutung der Luftfahrt. Weit mehr als ein Viertel des Exportwerts gehe per Luftfracht in alle Welt. In Deutschland seien insgesamt 850.000 Menschen direkt oder indirekt in der Luftfahrt-Branche besch\u00e4ftigt.<\/p>\n<div style=\"width: 480px;\" class=\"wp-video\"><!--[if lt IE 9]><script>document.createElement('video');<\/script><![endif]-->\n<video class=\"wp-video-shortcode\" id=\"video-66014-1\" width=\"480\" height=\"270\" preload=\"metadata\" controls=\"controls\"><source type=\"video\/mp4\" src=\"https:\/\/renewable-carbon.eu\/news\/wp-content\/uploads\/2019\/08\/TV-20190821-2021-0201.websm_.h264.mp4?_=1\" \/><a href=\"https:\/\/renewable-carbon.eu\/news\/wp-content\/uploads\/2019\/08\/TV-20190821-2021-0201.websm_.h264.mp4\">https:\/\/renewable-carbon.eu\/news\/wp-content\/uploads\/2019\/08\/TV-20190821-2021-0201.websm_.h264.mp4<\/a><\/video><\/div>\n<p>Erste nationale Luftfahrtkonferenz in Leipzig diskutiert \u00fcber klimaneutrales Fliegen<br \/>\ntagesschau 20:00 Uhr, 21.08.2019, Markus Spieker, MDR<\/p>\n","protected":false},"excerpt":{"rendered":"<p>Synthetischer Flugzeugsprit und Wasserstoff-Jets: Bundeskanzlerin Merkel will die Luftfahrt in Deutschland klimafreundlicher machen. Eine h\u00f6here Luftverkehrssteuer soll Starthilfe geben. Bundeskanzlerin Angela Merkel will Deutschland zu einem f\u00fchrenden Standort f\u00fcr klimavertr\u00e4glichere Flugzeugtechnologien machen. Gelingen soll das mit Hilfe neuer Kraftstoffe. Auf der ersten Nationalen Luftfahrtkonferenz am Flughafen Leipzig\/Halle sagte Merkel, die Potenziale von Wasserstoff, auch f\u00fcr [&#8230;]<\/p>\n","protected":false},"author":59,"featured_media":0,"comment_status":"closed","ping_status":"closed","sticky":false,"template":"","format":"standard","meta":{"_seopress_robots_primary_cat":"","nova_meta_subtitle":"","footnotes":""},"categories":[5572,5571],"tags":[16016,10743,13255],"supplier":[769],"class_list":["post-66014","post","type-post","status-publish","format-standard","hentry","category-bio-based","category-co2-based","tag-luftfahrt","tag-useco2","tag-wasserstoff","supplier-deutsche-bundesregierung"],"_links":{"self":[{"href":"https:\/\/renewable-carbon.eu\/news\/wp-json\/wp\/v2\/posts\/66014","targetHints":{"allow":["GET"]}}],"collection":[{"href":"https:\/\/renewable-carbon.eu\/news\/wp-json\/wp\/v2\/posts"}],"about":[{"href":"https:\/\/renewable-carbon.eu\/news\/wp-json\/wp\/v2\/types\/post"}],"author":[{"embeddable":true,"href":"https:\/\/renewable-carbon.eu\/news\/wp-json\/wp\/v2\/users\/59"}],"replies":[{"embeddable":true,"href":"https:\/\/renewable-carbon.eu\/news\/wp-json\/wp\/v2\/comments?post=66014"}],"version-history":[{"count":0,"href":"https:\/\/renewable-carbon.eu\/news\/wp-json\/wp\/v2\/posts\/66014\/revisions"}],"wp:attachment":[{"href":"https:\/\/renewable-carbon.eu\/news\/wp-json\/wp\/v2\/media?parent=66014"}],"wp:term":[{"taxonomy":"category","embeddable":true,"href":"https:\/\/renewable-carbon.eu\/news\/wp-json\/wp\/v2\/categories?post=66014"},{"taxonomy":"post_tag","embeddable":true,"href":"https:\/\/renewable-carbon.eu\/news\/wp-json\/wp\/v2\/tags?post=66014"},{"taxonomy":"supplier","embeddable":true,"href":"https:\/\/renewable-carbon.eu\/news\/wp-json\/wp\/v2\/supplier?post=66014"}],"curies":[{"name":"wp","href":"https:\/\/api.w.org\/{rel}","templated":true}]}}