{"id":6546,"date":"2003-12-02T00:00:00","date_gmt":"2003-12-01T22:00:00","guid":{"rendered":"http:\/\/www.bio-based.eu\/news\/index.php?startid=20031202-09n"},"modified":"2003-12-02T00:00:00","modified_gmt":"2003-12-01T22:00:00","slug":"holzbeschaffung-des-bundes-fsc-standards-kein-kriterium","status":"publish","type":"post","link":"https:\/\/renewable-carbon.eu\/news\/holzbeschaffung-des-bundes-fsc-standards-kein-kriterium\/","title":{"rendered":"Holzbeschaffung des Bundes: FSC-Standards kein Kriterium?"},"content":{"rendered":"<p><b>Rheinbach, 26.11.2003: Im Koalitionsvertrag hatte die Bundesregierung vereinbart, bis zum Ende der Legislaturperiode die gesamte Holzbeschaffung des Bundes einseitig auf den FSC-Standard umzustellen. Wegen wettbewerbsrechtlicher Bedenken r\u00fcckte man davon wieder ab. Einen Kriterienkatalog sollte fortan die \u00f6ffentliche Beschaffung von Holz regeln. Doch dieser Katalog l\u00e4sst verd\u00e4chtig lange auf sich warten.<\/b> <\/p>\n<p>Eine Beschr\u00e4nkung der \u00f6ffentlichen Beschaffung auf nur eines der anerkannten Nachhaltigkeitszertifikate w\u00fcrde Wettbewerbsrecht verletzen. Vergaberechtlich gleichwertige Siegel wie PEFC erlitten durch die einseitige Bevorzugung ungerechtfertigte Wettbewerbsnachteile. Das hatte ein Gutachten von Prof. Dr. Werner Kleinmann im Januar dieses Jahres unmissverst\u00e4ndlich dargelegt. Die Koalitionsaussage war in diesem Punkt deshalb nicht haltbar und musste revidiert werden. <\/p>\n<p>Statt das FSC-Zertifikat zur Bedingung zu machen, sollten nun explizit die Kriterien benannt werden, die f\u00fcr die Beschaffung ma\u00dfgeblich sein sollen. Dazu w\u00e4ren etwa bestimmte Standards der Waldbewirtschaftung zu rechnen. Nur derjenige, der die Erf\u00fcllung der Kriterien nachweist, w\u00e4re dann bei Ausschreibungsverfahren des Bundes f\u00fcr die Beschaffung von Holzprodukten oder auch f\u00fcr Bauvorhaben in Holzbauweise k\u00fcnftig im Rennen. <\/p>\n<p>\u00dcber die Kriterien selbst wurde bis heute nichts bekannt, obwohl seit geraumer Zeit von der Bundesregierung mit Hochdruck daran gearbeitet wird, diese zu entwickeln. Der Pr\u00e4sident des Deutschen Forstwirtschaftsrates, Hermann Ilaender, dazu: &#8220;Wir beobachten den Prozess mit gro\u00dfer Aufmerksamkeit. Sollte hier mit Hilfe juristischer Spitzfindigkeiten und durch ausgekl\u00fcgelte Kriterienwahl die FSC-Bevorzugung durch die Hintert\u00fcr betrieben werden, dann wird das von uns keinesfalls toleriert. Die Kriterien m\u00fcssen vergaberechtlich wie wettbewerbsrechtlich einwandfrei sein. Zur Diskriminierung von Zertifikaten darf es nicht kommen.&#8221; Schlie\u00dflich w\u00fcrden dadurch auch nur H\u00fcrden f\u00fcr die Holzverwendung aufgebaut, was im krassen Widerspruch zu einer anderen Koalitionsvereinbarung st\u00fcnde, n\u00e4mlich den Absatz und die Verwendung des \u00f6kologischen Rohstoffs im Rahmen einer &#8220;Charta f\u00fcr Holz&#8221; zu st\u00e4rken. <\/p>\n<p><b>Weitere Informationen:<\/b> <br \/>Deutscher Forstwirtschaftsrat e.V. (DFWR)<br \/>Dr. N\u00fc\u00dflein (DFWR-Gesch\u00e4ftsf\u00fchrer)<br \/>Tel.: 02226-2350 <br \/>M\u00fcnstereifeler Stra\u00dfe 19<br \/>53359 Rheinbach<\/p>\n<p>(Vgl. Meldungen vom <a href=\"https:\/\/renewable-carbon.eu\/news\/charta-holz-holzwirtschaft-erwartet-nachhaltige-anstoesse\/\" >2003-110-6<\/a>, <a href=\"https:\/\/renewable-carbon.eu\/news\/saeger-und-papierhersteller-verhindern-dass-holz-aus-verantwortungsvoller-forstwirtschaft-beim-verbraucher-landet\/\" >2003-09-12<\/a> und <a href=\"https:\/\/renewable-carbon.eu\/news\/nur-noch-mit-fsc-guetesiegel\/\" >2002-04-18<\/a>.)<\/p>\n","protected":false},"excerpt":{"rendered":"<p><b>Rheinbach, 26.11.2003: Im Koalitionsvertrag hatte die Bundesregierung vereinbart, bis zum Ende der Legislaturperiode die gesamte Holzbeschaffung des Bundes einseitig auf den FSC-Standard umzustellen. Wegen wettbewerbsrechtlicher<\/b><\/p>\n","protected":false},"author":3,"featured_media":0,"comment_status":"closed","ping_status":"closed","sticky":false,"template":"","format":"standard","meta":{"_seopress_robots_primary_cat":"","nova_meta_subtitle":"","footnotes":""},"categories":[5572],"tags":[],"supplier":[],"class_list":["post-6546","post","type-post","status-publish","format-standard","hentry","category-bio-based"],"_links":{"self":[{"href":"https:\/\/renewable-carbon.eu\/news\/wp-json\/wp\/v2\/posts\/6546","targetHints":{"allow":["GET"]}}],"collection":[{"href":"https:\/\/renewable-carbon.eu\/news\/wp-json\/wp\/v2\/posts"}],"about":[{"href":"https:\/\/renewable-carbon.eu\/news\/wp-json\/wp\/v2\/types\/post"}],"author":[{"embeddable":true,"href":"https:\/\/renewable-carbon.eu\/news\/wp-json\/wp\/v2\/users\/3"}],"replies":[{"embeddable":true,"href":"https:\/\/renewable-carbon.eu\/news\/wp-json\/wp\/v2\/comments?post=6546"}],"version-history":[{"count":0,"href":"https:\/\/renewable-carbon.eu\/news\/wp-json\/wp\/v2\/posts\/6546\/revisions"}],"wp:attachment":[{"href":"https:\/\/renewable-carbon.eu\/news\/wp-json\/wp\/v2\/media?parent=6546"}],"wp:term":[{"taxonomy":"category","embeddable":true,"href":"https:\/\/renewable-carbon.eu\/news\/wp-json\/wp\/v2\/categories?post=6546"},{"taxonomy":"post_tag","embeddable":true,"href":"https:\/\/renewable-carbon.eu\/news\/wp-json\/wp\/v2\/tags?post=6546"},{"taxonomy":"supplier","embeddable":true,"href":"https:\/\/renewable-carbon.eu\/news\/wp-json\/wp\/v2\/supplier?post=6546"}],"curies":[{"name":"wp","href":"https:\/\/api.w.org\/{rel}","templated":true}]}}