{"id":6529,"date":"2003-12-09T00:00:00","date_gmt":"2003-12-08T22:00:00","guid":{"rendered":"http:\/\/www.bio-based.eu\/news\/index.php?startid=20031209-02n"},"modified":"2003-12-09T00:00:00","modified_gmt":"2003-12-08T22:00:00","slug":"eu-frderprogramm-intelligente-energie-europa","status":"publish","type":"post","link":"https:\/\/renewable-carbon.eu\/news\/eu-frderprogramm-intelligente-energie-europa\/","title":{"rendered":"EU-F&ouml;rderprogramm &#8220;Intelligente Energie &ndash; Europa&#8221;"},"content":{"rendered":"<p>Die Kommission der Europ\u00e4ischen Union will noch in diesem Monat das Bewerbungsverfahren f\u00fcr das neue F\u00f6rderprogramm &#8220;EIE&#8221; (Intelligente Energie \u2013 Europa) er\u00f6ffnen. Bestandteile des Programms sind die Schwerpunkte &#8220;SAVE&#8221; (F\u00f6rderung der Energieeffizienz), &#8220;ALTENER&#8221; (F\u00f6rderung Regenerativer Energie), &#8220;STEER&#8221; (F\u00f6rderung neuer Entwicklungen im Transportwesen incl. Biokraftstoffe) und &#8220;COOPENER&#8221; (F\u00f6rderung von Kooperationen mit Entwicklungsl\u00e4ndern). <\/p>\n<p>Abgabeschluss f\u00fcr Projektvorschl\u00e4ge ist voraussichtlich der 31.03.2004. <\/p>\n<p>Ausf\u00fchrliche Informationen und Antragsformulare stehen in K\u00fcrze auf den Internetseiten der <a href=\"http:\/\/www.fz-juelich.de\/ptj\/nks-energie\" >Nationalen Kontaktstelle Energie<\/a> zur Verf\u00fcgung. <\/p>\n<p>\u00a9 BOXER-Infodienst: Regenerative Energie 2003<\/p>\n","protected":false},"excerpt":{"rendered":"<p>Die Kommission der Europ&auml;ischen Union will noch in diesem Monat das Bewerbungsverfahren f&uuml;r das neue F&ouml;rderprogramm &#8220;EIE&#8221; (Intelligente Energie &ndash; Europa) er&ouml;ffnen. Bestandteile des Programms<\/p>\n","protected":false},"author":3,"featured_media":0,"comment_status":"closed","ping_status":"closed","sticky":false,"template":"","format":"standard","meta":{"_seopress_robots_primary_cat":"","nova_meta_subtitle":"","footnotes":""},"categories":[5572],"tags":[],"supplier":[],"class_list":["post-6529","post","type-post","status-publish","format-standard","hentry","category-bio-based"],"_links":{"self":[{"href":"https:\/\/renewable-carbon.eu\/news\/wp-json\/wp\/v2\/posts\/6529","targetHints":{"allow":["GET"]}}],"collection":[{"href":"https:\/\/renewable-carbon.eu\/news\/wp-json\/wp\/v2\/posts"}],"about":[{"href":"https:\/\/renewable-carbon.eu\/news\/wp-json\/wp\/v2\/types\/post"}],"author":[{"embeddable":true,"href":"https:\/\/renewable-carbon.eu\/news\/wp-json\/wp\/v2\/users\/3"}],"replies":[{"embeddable":true,"href":"https:\/\/renewable-carbon.eu\/news\/wp-json\/wp\/v2\/comments?post=6529"}],"version-history":[{"count":0,"href":"https:\/\/renewable-carbon.eu\/news\/wp-json\/wp\/v2\/posts\/6529\/revisions"}],"wp:attachment":[{"href":"https:\/\/renewable-carbon.eu\/news\/wp-json\/wp\/v2\/media?parent=6529"}],"wp:term":[{"taxonomy":"category","embeddable":true,"href":"https:\/\/renewable-carbon.eu\/news\/wp-json\/wp\/v2\/categories?post=6529"},{"taxonomy":"post_tag","embeddable":true,"href":"https:\/\/renewable-carbon.eu\/news\/wp-json\/wp\/v2\/tags?post=6529"},{"taxonomy":"supplier","embeddable":true,"href":"https:\/\/renewable-carbon.eu\/news\/wp-json\/wp\/v2\/supplier?post=6529"}],"curies":[{"name":"wp","href":"https:\/\/api.w.org\/{rel}","templated":true}]}}