{"id":6339,"date":"2003-09-12T00:00:00","date_gmt":"2003-09-11T22:00:00","guid":{"rendered":"http:\/\/www.bio-based.eu\/news\/index.php?startid=20030912-05n"},"modified":"2003-09-12T00:00:00","modified_gmt":"2003-09-11T22:00:00","slug":"saeger-und-papierhersteller-verhindern-dass-holz-aus-verantwortungsvoller-forstwirtschaft-beim-verbraucher-landet","status":"publish","type":"post","link":"https:\/\/renewable-carbon.eu\/news\/saeger-und-papierhersteller-verhindern-dass-holz-aus-verantwortungsvoller-forstwirtschaft-beim-verbraucher-landet\/","title":{"rendered":"S\u00e4ger und Papierhersteller verhindern, dass Holz aus verantwortungsvoller Forstwirtschaft beim Verbraucher landet"},"content":{"rendered":"<p>Einzelne Unternehmen der S\u00e4ge- und Papierindustrie haben im Verlauf des vergangenen Jahres immer wieder deutlich gemacht, dass Holz aus FSC- und Naturland- zertifizierten Forstbetrieben in Zukunft nicht mehr abgenommen werden kann. Im Einzelfall k\u00f6nne entsprechendes Holz nur gegen einen geringeren Preis angenommen werden. Waldbesitzer mit hohem \u00f6kologischen und sozialem Anspruch, die sich nach FSC zertifizieren lie\u00dfen, werden auf diese Weise bestraft. <\/p>\n<p>Deutsches Holz aus entsprechend verantwortungsvoller Forstwirtschaft gelangt nicht mehr in die Verarbeitungskette. Die stets zunehmende Nachfrage nach End- und Zwischenprodukten aus FSC-Holz muss dadurch aus dem Ausland bedient werden. Die FSC Arbeitsgruppe fordert Unternehmen und Verb\u00e4nde der Forst-, Holz- und Papierwirtschaft auf, gegen die Blockade von FSC-zertifizierten Betrieben und deren Holz zu wirken. Alle Akteure m\u00fcssen eine konstruktive Haltung einnehmen und damit ihren Beitrag zur Absatzsteigerung von Holz aus verantwortungsvoller Waldwirtschaft leisten. <\/p>\n<p>&#8220;Es ist geradezu grotesk, dass Holz aus FSC-Betrieben, die laut Bundesamt f\u00fcr Naturschutz, \u00d6kotest und Verbraucherschutzorganisationen ein nachweislich h\u00f6heres Niveau der Waldbewirtschaftung gew\u00e4hrleisten, mit einem Preisabschlag gedroht wird, falls sie nicht das &#8220;light&#8221;-label PEFC nachweisen k\u00f6nnen,&#8221; protestiert Martin Kaiser, Waldkampagner bei Greenpeace und Vorstand der Umweltkammer der FSC Arbeitsgruppe Deutschland. <\/p>\n<p>Aufgrund des Drucks der S\u00e4geindustrie und dem Willen die regionale Vermarktung seines Holzes zu sichern, hat Hermann Graf Hatzfeldt, Vorsitzender der FSC Arbeitsgruppe und Mitglied im Nachhaltigkeitsrat, seinen FSC-Betrieb in Rheinland-Pfalz k\u00fcrzlich nach PEFC zertifizieren lassen. Dieser Schritt ist keine Abkehr von seiner klaren Werteentscheidung f\u00fcr eine \u00f6kologische und sozial verantwortliche Waldwirtschaft im Sinne des FSC. Nach wie vor soll die Vermarktung von FSC-Holz in seinem Betrieb systematisch ausgebaut werden. <\/p>\n<p>Die FSC Arbeitsgruppe sieht in der Zertifizierung der Hatzfeldt&#8217;schen Verwaltung keine Anerkennung f\u00fcr einen Erfolg des PEFC-Systems, wie k\u00fcrzlich in einer Pressemitteilung von PEFC dargestellt. Die FSC Arbeitsgruppe bedauert, dass diese Entwicklung als &#8220;Erfolg&#8221; gefeiert wir und fordert Unternehmen der Forst- und Holzwirtschaft auf, in Zukunft daf\u00fcr zu sorgen, dass eine geringere Bewertung von FSC-Holz nicht als Erfolg f\u00fcr das PEFC-System ausgelegt, sondern als katastrophaler R\u00fcckschlag f\u00fcr die Zertifizierung insgesamt bewertet wird. Vielmehr geht es darum, konstruktive Anstrengungen im Sinne einer verantwortungsvollen Waldbewirtschaftung und einer verbraucherfreundlichen Kennzeichnung von Holz zu unternehmen. <\/p>\n<p><b>R\u00fcckfragen und Informationen:<\/b> <br \/>Dr. Uwe Sayer, FSC Arbeitsgruppe Deutschland e.V. <br \/>Tel: +49-(0)761-696 64-33 <br \/>E-Mail: <a href=\"mailto:info@fsc-deutschland.de\">info@fsc-deutschland.de<\/a><\/p>\n<p>(Vgl. Meldung vom <a href=\"https:\/\/renewable-carbon.eu\/news\/holz-guetesiegel-im-kreuzfeuer-der-interessen\/\" >2002-05-22<\/a>.)<\/p>\n","protected":false},"excerpt":{"rendered":"<p>Einzelne Unternehmen der S&auml;ge- und Papierindustrie haben im Verlauf des vergangenen Jahres immer wieder deutlich gemacht, dass Holz aus FSC- und Naturland- zertifizierten Forstbetrieben in<\/p>\n","protected":false},"author":3,"featured_media":0,"comment_status":"closed","ping_status":"closed","sticky":false,"template":"","format":"standard","meta":{"_seopress_robots_primary_cat":"","nova_meta_subtitle":"","footnotes":""},"categories":[5572],"tags":[],"supplier":[],"class_list":["post-6339","post","type-post","status-publish","format-standard","hentry","category-bio-based"],"_links":{"self":[{"href":"https:\/\/renewable-carbon.eu\/news\/wp-json\/wp\/v2\/posts\/6339","targetHints":{"allow":["GET"]}}],"collection":[{"href":"https:\/\/renewable-carbon.eu\/news\/wp-json\/wp\/v2\/posts"}],"about":[{"href":"https:\/\/renewable-carbon.eu\/news\/wp-json\/wp\/v2\/types\/post"}],"author":[{"embeddable":true,"href":"https:\/\/renewable-carbon.eu\/news\/wp-json\/wp\/v2\/users\/3"}],"replies":[{"embeddable":true,"href":"https:\/\/renewable-carbon.eu\/news\/wp-json\/wp\/v2\/comments?post=6339"}],"version-history":[{"count":0,"href":"https:\/\/renewable-carbon.eu\/news\/wp-json\/wp\/v2\/posts\/6339\/revisions"}],"wp:attachment":[{"href":"https:\/\/renewable-carbon.eu\/news\/wp-json\/wp\/v2\/media?parent=6339"}],"wp:term":[{"taxonomy":"category","embeddable":true,"href":"https:\/\/renewable-carbon.eu\/news\/wp-json\/wp\/v2\/categories?post=6339"},{"taxonomy":"post_tag","embeddable":true,"href":"https:\/\/renewable-carbon.eu\/news\/wp-json\/wp\/v2\/tags?post=6339"},{"taxonomy":"supplier","embeddable":true,"href":"https:\/\/renewable-carbon.eu\/news\/wp-json\/wp\/v2\/supplier?post=6339"}],"curies":[{"name":"wp","href":"https:\/\/api.w.org\/{rel}","templated":true}]}}