{"id":6305,"date":"2003-06-25T00:00:00","date_gmt":"2003-06-24T22:00:00","guid":{"rendered":"http:\/\/www.bio-based.eu\/news\/index.php?startid=20030625-06n"},"modified":"2003-06-25T00:00:00","modified_gmt":"2003-06-24T22:00:00","slug":"nova-berblick-energie-pflanzen-ausgabe-3-juni-2003","status":"publish","type":"post","link":"https:\/\/renewable-carbon.eu\/news\/nova-berblick-energie-pflanzen-ausgabe-3-juni-2003\/","title":{"rendered":"nova-&Uuml;berblick: &#8220;energie pflanzen&#8221; &#8211; Ausgabe 3 (Juni 2003)"},"content":{"rendered":"<p>Die Juni-Ausgabe der Fachzeitschrift <a href=\"http:\/\/www.energie-pflanzen.de\/\" >energie pflanzen<\/a> besch\u00e4ftigt sich u.a. mit folgenden Themen im Bereich nachwachsender Rohstoffe:<\/p>\n<ul>\n<li>Der <b>Fachtagung &#8220;Bioenergie f\u00fcr Niedersachsen&#8221;<\/b>, die sich vornehmlich um die regionale Biogasproduktion und \u2013technologien bewegte. Erg\u00e4nzend schlie\u00dft sich die Darstellung einer Pumpstation als Modulbauteil der <a href=\"http:\/\/www.vogelsang-pumpen.de\/\" >Vogelsang GmbH<\/a> zur optimierten Biogas-Ausbeute an.<\/li>\n<li><b>&#8220;Pflanzen\u00f6l in Omnibussen&#8221;<\/b> beschreibt die Initiative des Reisebus-Unternehmens Christof B\u00fchler, der sich allen Einw\u00e4nden seiner Berufskollegen zum Trotz durchsetzte, seinen Fuhrpark konsequent auf Pflanzen\u00f6lbetrieb umstellte und sich unerm\u00fcdlich weiter um \u00f6ffentliche F\u00f6rderungen z.B. f\u00fcr eine regionale Pflanzen\u00f6lpresse bem\u00fcht. <\/li>\n<li>Pflanzen\u00f6le sind auch Hauptthema des folgenden Beitrags zur<b>&#8220;\u00d6lm\u00fchle Dreyer&#8221;<\/b> aus Sachsen-Anhalt. Die Unternehmerin Karola Dreyer bietet ein eindrucksvolles Beispiel f\u00fcr den Werdegang einer interessierten \u00d6l-Fachfrau.<\/li>\n<li>Ein <b>&#8220;Neues MAISterwerk in Mecklenburg-Vorpommern&#8221;<\/b> feiert die Inbetriebnahme der Cornpack in Teterow mit seinen bereits f\u00fcnf Produktionslinien im BAW-Bereich, die der Nachhaltigkeitsstrategie der <a href=\"http:\/\/www.farmfill.de\/\" >Hubert Loick VNR<\/a> wieder ein Denkmal setzt.<\/li>\n<li><b>&#8220;Gesund wohnen \u2013 mit Hanf, Wolle und Holz&#8221;<\/b> beschreibt den Trendsetter &#8220;nachwachsende Rohstoffe&#8221; f\u00fcr ein Allergikerhaus. Zusammen mit Baufirma <a href=\"http:\/\/www.habitare.81fuenf.de\/\" >Habitare<\/a> und Landesf\u00f6rdermitteln gelang es dem Bauherrn Peter B\u00fcsing, ein konsequent \u00f6kologisches Bauwerk mit gesundheitsf\u00f6rderndem Wohnkomfort zu errichten.<\/li>\n<li>Thema Regenerative Energien: Der Bundesverband BioEnergie (BBE) hat gemeinsam mit der <a href=\"http:\/\/www.fnr.de\/\" >Fachagentur Nachwachsende Rohstoffe<\/a> den <b>&#8220;Forschungsschwerpunkt zu Energiegetreide und Stroh aufgelegt&#8221;<\/b> w\u00e4hrend die Landesinitiative Zukunftsenergien NRW ihre Informationsbrosch\u00fcre <b>&#8220;Holzpellets&#8221;<\/b> als Auflagenrenner preist. Zur <b>&#8220;Solarthermie&#8221;<\/b> gibt es eine Ank\u00fcndigung der CD-ROM &#8220;Markt\u00fcbersicht Solarkollektoren 2003&#8221;. Das <b>&#8220;Bioenergiedorf J\u00fchnde&#8221;<\/b> war anl\u00e4sslich des Besuchs einer japanischen Wissenschaftler-Delegation trotz noch-nicht-vorhandener Anlagen einen Beitrag zum geplanten und von der FNR gef\u00f6rderten Projekt wert. <\/li>\n<li>Weiteres zur Bioenergie veranschaulicht der Bericht <b>&#8220;Strohpellets- ein Brennstoff der Zukunft?&#8221;<\/b> \u00fcber drei Energie-Landwirte, die eine eigene Strohpelletieranlage bauten und erfolgreich in Betrieb nahmen.<\/li>\n<li>Direkt im Anschluss kommt der Titelbeitrag <b>&#8220;Ein Saurier f\u00fcr die Brennholzproduktion&#8221;<\/b>, welcher den Brennholzautomaten &#8220;T-Rex 500x 6000&#8221; der Firma Sommer aus Heroldstatt (Baden W\u00fcrttemberg) vorstellt, der mit einer gewaltigen Leistung zur industriellen Bereitstellung des Brennguts Holz aufwartet.<\/li>\n<li>In diesem Kontext ist der folgende Artikel zu den <b>&#8220;rechtlichen Regelungen bei Feuerungen f\u00fcr Biobrennstoffe&#8221;<\/b> passend am Platze \u2013 auch wenn sich die Ausf\u00fchrungen vorwiegend auf Anlagen des land- und forstwirtschaftlichen Bereichs beziehen.<\/li>\n<li>Berichte zur Fachtagung &#8220;Bioenergie in K\u00f6rle&#8221; und der Holzfachmesse LIGNAplus mit der <b>&#8220;Sonderschau &#8220;Energie aus Holz&#8221;<\/b> beschreiben anschaulich den Umgang sowie technologische Highlights zu den diversen energetisch nutzbaren biogenen Rohstoffen.<\/li>\n<li>Zum guten Schluss gibt es <b>Marktpreise<\/b> f\u00fcr Raps, Soja und Sonnenblume der <a href=\"http:\/\/www.zmp.de\/\" >ZMP<\/a>.<\/li>\n<li>Abrundend enth\u00e4lt das Magazin Veranstaltungshinweise, ein umfangreiches Firmen- sowie ausf\u00fchrliches Institutionenverzeichnis rund um die Branche und die Vorstellung verlagseigener Printmedien (teils incl. CD-ROM) zu diversen Themen des alternativen Energiemarktes.<\/li>\n<\/ul>\n<p>Das Fachmagazin <b>energie pflanzen<\/b> kostet j\u00e4hrlich 32 EUR und kann abonniert werden beim:<\/p>\n<p><b>Forstfachverlag<\/b><br \/>Abonnements\/Buchversand <br \/>Im Dieckfeld 8 <br \/>27383 Schee\u00dfel-Hetzwege <br \/>Tel.: 04263-93 95-0<br \/>Fax: 0 4263-93 95-21 <br \/>E-Mail: <a href=\"mailto:forstprofi@t-online.de\">forstprofi@t-online.de<\/a> <br \/>Internet: <a href=\"http:\/\/www.energie-pflanzen.de\/\" >www.energie-pflanzen.de<\/a><\/p>\n","protected":false},"excerpt":{"rendered":"<p>Die Juni-Ausgabe der Fachzeitschrift energie pflanzen besch&auml;ftigt sich u.a. mit folgenden Themen im Bereich nachwachsender Rohstoffe:<\/p>\n<ul>\n<li>Der <b>Fachtagung &#8220;Bioenergie f&uuml;r Niedersachsen&#8221;<\/b>, die sich vornehmlich um die<\/li>\n<\/ul>\n","protected":false},"author":3,"featured_media":0,"comment_status":"closed","ping_status":"closed","sticky":false,"template":"","format":"standard","meta":{"_seopress_robots_primary_cat":"","nova_meta_subtitle":"","footnotes":""},"categories":[5572],"tags":[],"supplier":[],"class_list":["post-6305","post","type-post","status-publish","format-standard","hentry","category-bio-based"],"_links":{"self":[{"href":"https:\/\/renewable-carbon.eu\/news\/wp-json\/wp\/v2\/posts\/6305","targetHints":{"allow":["GET"]}}],"collection":[{"href":"https:\/\/renewable-carbon.eu\/news\/wp-json\/wp\/v2\/posts"}],"about":[{"href":"https:\/\/renewable-carbon.eu\/news\/wp-json\/wp\/v2\/types\/post"}],"author":[{"embeddable":true,"href":"https:\/\/renewable-carbon.eu\/news\/wp-json\/wp\/v2\/users\/3"}],"replies":[{"embeddable":true,"href":"https:\/\/renewable-carbon.eu\/news\/wp-json\/wp\/v2\/comments?post=6305"}],"version-history":[{"count":0,"href":"https:\/\/renewable-carbon.eu\/news\/wp-json\/wp\/v2\/posts\/6305\/revisions"}],"wp:attachment":[{"href":"https:\/\/renewable-carbon.eu\/news\/wp-json\/wp\/v2\/media?parent=6305"}],"wp:term":[{"taxonomy":"category","embeddable":true,"href":"https:\/\/renewable-carbon.eu\/news\/wp-json\/wp\/v2\/categories?post=6305"},{"taxonomy":"post_tag","embeddable":true,"href":"https:\/\/renewable-carbon.eu\/news\/wp-json\/wp\/v2\/tags?post=6305"},{"taxonomy":"supplier","embeddable":true,"href":"https:\/\/renewable-carbon.eu\/news\/wp-json\/wp\/v2\/supplier?post=6305"}],"curies":[{"name":"wp","href":"https:\/\/api.w.org\/{rel}","templated":true}]}}