{"id":6290,"date":"2003-07-02T00:00:00","date_gmt":"2003-07-01T22:00:00","guid":{"rendered":"http:\/\/www.bio-based.eu\/news\/index.php?startid=20030702-05n"},"modified":"2003-07-02T00:00:00","modified_gmt":"2003-07-01T22:00:00","slug":"thalheim-forstwissenschaft-und-nachhaltigkeit-gehoeren-zusammen","status":"publish","type":"post","link":"https:\/\/renewable-carbon.eu\/news\/thalheim-forstwissenschaft-und-nachhaltigkeit-gehoeren-zusammen\/","title":{"rendered":"Thalheim: Forstwissenschaft und Nachhaltigkeit geh\u00f6ren zusammen"},"content":{"rendered":"<p>&#8220;Die Forstwissenschaft ist untrennbar mit dem Gedanken der Nachhaltigkeit verbunden.&#8221; Darauf wies Dr. Gerald Thalheim, Parlamentarischer Staatssekret\u00e4r im Bundesverbraucherministerium, heute anl\u00e4sslich eines Kolloquiums zum 40j\u00e4hrigen Bestehen des Institutes f\u00fcr Internationale Forst- und Holzwirtschaft in Tharandt (Sachsen) hin. Thalheim w\u00fcrdigte die Leistungen des Institutes, einem traditionsreichen und bedeutenden Standort f\u00fcr die deutsche Forstwirtschaft. <\/p>\n<p>Er erinnerte daran, dass der Begriff der Nachhaltigkeit bereits vor knapp 300 Jahren in der Forstwissenschaft gepr\u00e4gt wurde. Die Besch\u00e4ftigung mit dem langlebigen \u00d6kosystem Wald habe den Blick daf\u00fcr gesch\u00e4rft, dass es wichtig ist, wirtschaftliches Handeln nicht nur kurzfristig, sondern Jahrzehnte im voraus zu planen. Forstwissenschaftler seien insofern die Vorreiter der Nachhaltigkeit.<\/p>\n<p>Die \u00f6kologische Bedeutung der W\u00e4lder sei enorm, so der Staatssekret\u00e4r. Dies gelte lokal, z.B. f\u00fcr die Erhaltung der Artenvielfalt, und global durch ihre Rolle f\u00fcr das Klima. Die Bundesregierung setze sich deshalb nachdr\u00fccklich f\u00fcr die weltweite Erhaltung und nachhaltige Bewirtschaftung der W\u00e4lder ein. <\/p>\n<p>So sei die nationale Forstpolitik darauf ausgerichtet, die naturnahe Waldbewirtschaftung st\u00e4rker zu f\u00f6rdern, weil sie besonders geeignet sei, stabile und gleichzeitig \u00f6konomisch tragf\u00e4hige W\u00e4lder zu schaffen. Inzwischen h\u00e4tten Schutzgebiete, die der biologischen Vielfalt Vorrang einr\u00e4umten, einen Anteil von rund 20 Prozent an der Waldfl\u00e4che erreicht. Zur nachhaltigen Forstpolitik geh\u00f6re auch eine neue Energiepolitik, die vorsehe, bis 2010 mehr als zehn Prozent des Energiebedarfes in Deutschland durch regenerative Energietr\u00e4ger zu decken. Holz spiele dabei eine wichtige Rolle. <\/p>\n<p>International setze sich die Bundesregierung f\u00fcr eine umfassende rechtsverbindliche Regelung zum Erhalt und zur Bewirtschaftung der W\u00e4lder ein. &#8220;Wir begr\u00fc\u00dfen es, dass das UN-Waldforum eine Expertengruppe eingerichtet hat, die Optionen f\u00fcr ein solches waldbezogenes Rechtsinstrument erarbeiten soll&#8221;, so Thalheim. Fortschritte gebe es auch auf europ\u00e4ischer Ebene. &#8220;Eine international nachhaltige Walbewirtschaftung erfordert auch die Unterst\u00fctzung von Ma\u00dfnahmen gegen den illegalen Holzeinschlag. Bei internationalen Verhandlungen wollen wir erreichen, dass nur noch Holzimporte auf unsere M\u00e4rkte gelangen, deren Herkunft aus nachhaltiger Waldbewirtschaftung nachgewiesen ist.&#8221;<\/p>\n<p>(Vgl. Meldung vom <a href=\"https:\/\/renewable-carbon.eu\/news\/berninger-zum-tag-des-baumes\/\" >2003-04-25<\/a>.)<\/p>\n","protected":false},"excerpt":{"rendered":"<p>&#8220;Die Forstwissenschaft ist untrennbar mit dem Gedanken der Nachhaltigkeit verbunden.&#8221; Darauf wies Dr. Gerald Thalheim, Parlamentarischer Staatssekret&auml;r im Bundesverbraucherministerium, heute anl&auml;sslich eines Kolloquiums zum 40j&auml;hrigen<\/p>\n","protected":false},"author":3,"featured_media":0,"comment_status":"closed","ping_status":"closed","sticky":false,"template":"","format":"standard","meta":{"_seopress_robots_primary_cat":"","nova_meta_subtitle":"","footnotes":""},"categories":[5572],"tags":[],"supplier":[],"class_list":["post-6290","post","type-post","status-publish","format-standard","hentry","category-bio-based"],"_links":{"self":[{"href":"https:\/\/renewable-carbon.eu\/news\/wp-json\/wp\/v2\/posts\/6290","targetHints":{"allow":["GET"]}}],"collection":[{"href":"https:\/\/renewable-carbon.eu\/news\/wp-json\/wp\/v2\/posts"}],"about":[{"href":"https:\/\/renewable-carbon.eu\/news\/wp-json\/wp\/v2\/types\/post"}],"author":[{"embeddable":true,"href":"https:\/\/renewable-carbon.eu\/news\/wp-json\/wp\/v2\/users\/3"}],"replies":[{"embeddable":true,"href":"https:\/\/renewable-carbon.eu\/news\/wp-json\/wp\/v2\/comments?post=6290"}],"version-history":[{"count":0,"href":"https:\/\/renewable-carbon.eu\/news\/wp-json\/wp\/v2\/posts\/6290\/revisions"}],"wp:attachment":[{"href":"https:\/\/renewable-carbon.eu\/news\/wp-json\/wp\/v2\/media?parent=6290"}],"wp:term":[{"taxonomy":"category","embeddable":true,"href":"https:\/\/renewable-carbon.eu\/news\/wp-json\/wp\/v2\/categories?post=6290"},{"taxonomy":"post_tag","embeddable":true,"href":"https:\/\/renewable-carbon.eu\/news\/wp-json\/wp\/v2\/tags?post=6290"},{"taxonomy":"supplier","embeddable":true,"href":"https:\/\/renewable-carbon.eu\/news\/wp-json\/wp\/v2\/supplier?post=6290"}],"curies":[{"name":"wp","href":"https:\/\/api.w.org\/{rel}","templated":true}]}}