{"id":6285,"date":"2003-07-04T00:00:00","date_gmt":"2003-07-03T22:00:00","guid":{"rendered":"http:\/\/www.bio-based.eu\/news\/index.php?startid=20030704-05n"},"modified":"2003-07-04T00:00:00","modified_gmt":"2003-07-03T22:00:00","slug":"senkung-der-frderstze-biogene-treib-und-schmierstoffe","status":"publish","type":"post","link":"https:\/\/renewable-carbon.eu\/news\/senkung-der-frderstze-biogene-treib-und-schmierstoffe\/","title":{"rendered":"Senkung der F&ouml;rders&auml;tze &#8220;Biogene Treib- und Schmierstoffe&#8221;"},"content":{"rendered":"<p>Ab dem 5. Juli 2003 werden die F\u00f6rderbeitr\u00e4ge im Rahmen des Markteinf\u00fchrungsprogramms &#8220;Biogene Treib- und Schmierstoffe&#8221; der gro\u00dfen Anfrage angepasst und um 20 Prozent gesenkt.<\/p>\n<p>Die gek\u00fcrzten F\u00f6rders\u00e4tze gelten f\u00fcr alle Antr\u00e4ge, die ab dem 5. Juli (Datum Poststempel) bei der Fachagentur eingehen.<\/p>\n<p>Informationen zu den aktuellen F\u00f6rders\u00e4tzen finden Sie unter <a href=\"http:\/\/www.pflanzenoel-initiative.de\/\" >www.pflanzenoel-initiative.de<\/a>.<\/p>\n","protected":false},"excerpt":{"rendered":"<p>Ab dem 5. Juli 2003 werden die F&ouml;rderbeitr&auml;ge im Rahmen des Markteinf&uuml;hrungsprogramms &#8220;Biogene Treib- und Schmierstoffe&#8221; der gro&szlig;en Anfrage angepasst und um 20 Prozent gesenkt.<\/p>\n","protected":false},"author":3,"featured_media":0,"comment_status":"closed","ping_status":"closed","sticky":false,"template":"","format":"standard","meta":{"_seopress_robots_primary_cat":"","nova_meta_subtitle":"","footnotes":""},"categories":[5572],"tags":[],"supplier":[],"class_list":["post-6285","post","type-post","status-publish","format-standard","hentry","category-bio-based"],"_links":{"self":[{"href":"https:\/\/renewable-carbon.eu\/news\/wp-json\/wp\/v2\/posts\/6285","targetHints":{"allow":["GET"]}}],"collection":[{"href":"https:\/\/renewable-carbon.eu\/news\/wp-json\/wp\/v2\/posts"}],"about":[{"href":"https:\/\/renewable-carbon.eu\/news\/wp-json\/wp\/v2\/types\/post"}],"author":[{"embeddable":true,"href":"https:\/\/renewable-carbon.eu\/news\/wp-json\/wp\/v2\/users\/3"}],"replies":[{"embeddable":true,"href":"https:\/\/renewable-carbon.eu\/news\/wp-json\/wp\/v2\/comments?post=6285"}],"version-history":[{"count":0,"href":"https:\/\/renewable-carbon.eu\/news\/wp-json\/wp\/v2\/posts\/6285\/revisions"}],"wp:attachment":[{"href":"https:\/\/renewable-carbon.eu\/news\/wp-json\/wp\/v2\/media?parent=6285"}],"wp:term":[{"taxonomy":"category","embeddable":true,"href":"https:\/\/renewable-carbon.eu\/news\/wp-json\/wp\/v2\/categories?post=6285"},{"taxonomy":"post_tag","embeddable":true,"href":"https:\/\/renewable-carbon.eu\/news\/wp-json\/wp\/v2\/tags?post=6285"},{"taxonomy":"supplier","embeddable":true,"href":"https:\/\/renewable-carbon.eu\/news\/wp-json\/wp\/v2\/supplier?post=6285"}],"curies":[{"name":"wp","href":"https:\/\/api.w.org\/{rel}","templated":true}]}}