{"id":6273,"date":"2003-07-09T00:00:00","date_gmt":"2003-07-08T22:00:00","guid":{"rendered":"http:\/\/www.bio-based.eu\/news\/index.php?startid=20030709-07n"},"modified":"2003-07-09T00:00:00","modified_gmt":"2003-07-08T22:00:00","slug":"flachsernte-2003-beginnt-unter-schwierigkeiten","status":"publish","type":"post","link":"https:\/\/renewable-carbon.eu\/news\/flachsernte-2003-beginnt-unter-schwierigkeiten\/","title":{"rendered":"Flachsernte 2003 beginnt unter Schwierigkeiten"},"content":{"rendered":"<p>Dieses Jahr trifft die alte Regel wieder zu: &#8220;am 100. Tag des Jahres wird der Flachs ges\u00e4t, am 200. Tag wird der Flachs gerauft&#8221;. In Frankreich starteten die Ernteaktivit\u00e4ten bei den Februaraussaaten zu Beginn der 26. Woche schon recht z\u00fcgig, in den fr\u00fchen Sorten aus der Saatperiode Ende M\u00e4rz wurden die Erntearbeiten Ende der 28. Woche aufgenommen, zun\u00e4chst in den am st\u00e4rksten vom Lager betroffenen Fl\u00e4chen. <\/p>\n<p>Die ergiebigen Niederschl\u00e4ge der letzten Tage &#8211; meist zwischen 20 und 30 mm) unterbrachen die Arbeiten zun\u00e4chst und verschlechterten abermals die Erntebedingungen in den (teilweise) liegenden Best\u00e4nden. <\/p>\n<p>In Norddeutschland hat sich ein Gutteil der ehemals gelagerten Fl\u00e4chen wieder erholt, dazu haben einige sonnige und windige Tage in der 25. und 26. Woche ma\u00dfgeblich beigetragen. Die hiesigen Erntearbeiten begannen am 2.Juni vorsichtig in den fr\u00fchen Sorten wie z.B. Aurore. <\/p>\n<p>Die Niederschl\u00e4ge um den 1. Juli 03 f\u00fchrten zu einem zyklischen Abbl\u00fchen: dabei wird ein erneuter Bl\u00fchreiz ausgel\u00f6st und eigentlich abgebl\u00fchte Best\u00e4nde ergr\u00fcnen erneut und bilden eine weitere Generation Bl\u00fcten. Hier kann nur eine genaue Beobachtung der Best\u00e4nde vor der T\u00e4uschung bewahren, dass die Pflanzen noch nicht erntereif seien.<\/p>\n","protected":false},"excerpt":{"rendered":"<p>Dieses Jahr trifft die alte Regel wieder zu: &#8220;am 100. Tag des Jahres wird der Flachs ges&auml;t, am 200. Tag wird der Flachs gerauft&#8221;. In<\/p>\n","protected":false},"author":3,"featured_media":0,"comment_status":"closed","ping_status":"closed","sticky":false,"template":"","format":"standard","meta":{"_seopress_robots_primary_cat":"","nova_meta_subtitle":"","footnotes":""},"categories":[5572],"tags":[],"supplier":[],"class_list":["post-6273","post","type-post","status-publish","format-standard","hentry","category-bio-based"],"_links":{"self":[{"href":"https:\/\/renewable-carbon.eu\/news\/wp-json\/wp\/v2\/posts\/6273","targetHints":{"allow":["GET"]}}],"collection":[{"href":"https:\/\/renewable-carbon.eu\/news\/wp-json\/wp\/v2\/posts"}],"about":[{"href":"https:\/\/renewable-carbon.eu\/news\/wp-json\/wp\/v2\/types\/post"}],"author":[{"embeddable":true,"href":"https:\/\/renewable-carbon.eu\/news\/wp-json\/wp\/v2\/users\/3"}],"replies":[{"embeddable":true,"href":"https:\/\/renewable-carbon.eu\/news\/wp-json\/wp\/v2\/comments?post=6273"}],"version-history":[{"count":0,"href":"https:\/\/renewable-carbon.eu\/news\/wp-json\/wp\/v2\/posts\/6273\/revisions"}],"wp:attachment":[{"href":"https:\/\/renewable-carbon.eu\/news\/wp-json\/wp\/v2\/media?parent=6273"}],"wp:term":[{"taxonomy":"category","embeddable":true,"href":"https:\/\/renewable-carbon.eu\/news\/wp-json\/wp\/v2\/categories?post=6273"},{"taxonomy":"post_tag","embeddable":true,"href":"https:\/\/renewable-carbon.eu\/news\/wp-json\/wp\/v2\/tags?post=6273"},{"taxonomy":"supplier","embeddable":true,"href":"https:\/\/renewable-carbon.eu\/news\/wp-json\/wp\/v2\/supplier?post=6273"}],"curies":[{"name":"wp","href":"https:\/\/api.w.org\/{rel}","templated":true}]}}