{"id":6267,"date":"2003-07-15T00:00:00","date_gmt":"2003-07-14T22:00:00","guid":{"rendered":"http:\/\/www.bio-based.eu\/news\/index.php?startid=20030715-03n"},"modified":"2003-07-15T00:00:00","modified_gmt":"2003-07-14T22:00:00","slug":"bioenergien-profitieren-von-bruesseler-agrarbeschluessen","status":"publish","type":"post","link":"https:\/\/renewable-carbon.eu\/news\/bioenergien-profitieren-von-bruesseler-agrarbeschluessen\/","title":{"rendered":"Bioenergien profitieren von Br\u00fcsseler Agrarbeschl\u00fcssen"},"content":{"rendered":"<p>Bei den j\u00fcngsten Br\u00fcsseler Agrarbeschl\u00fcsse wurden auch f\u00fcr die Bioenergien eine Reihe von Verbesserungen beschlossen. Sie sind Ergebnis erfolgreicher Verhandlungen vor allem der deutschen Agrarministerin Renate K\u00fcnast.<\/p>\n<ul>\n<li>Entgegen den urspr\u00fcnglichen Vorschl\u00e4gen der EU-Kommissionen bleibt der Anbau von nachwachsenden Rohstoffen auf Stilllegungsfl\u00e4chen weiterhin erlaubt. Damit stehen gro\u00dfe landwirtschaftliche Fl\u00e4chen in der EU f\u00fcr den Energiepflanzenanbau ohne Lebensmittelkonkurrenz zur Verf\u00fcgung.\n<\/li>\n<li>Es ist eine Energiepr\u00e4mie auf Anbaufl\u00e4chen vorgesehen. Damit k\u00f6nnen die Nationalstaaten neue Programme zur Unterst\u00fctzung des Anbaus von Energiepflanzen auflegen.\n<\/li>\n<li>Zur Zeit werden Pr\u00e4mien f\u00fcr den Anbau von z.B. Leindotter\u00f6l oder anderer \u00d6lpflanzen im Mischfruchtanbau nicht gezahlt. Dieses Hemmnis f\u00fcr den Ausbau der Pflanzen\u00f6lnutzung entf\u00e4llt ab 2005, da es dann \u00fcberhaupt keine Produktions-gebundenen Pr\u00e4mien mehr gibt. Die EU-Subventionen flie\u00dfen den Landwirten dann \u00fcber andere Mechanismen zu, z.B. \u00fcber die Energiepr\u00e4mie.<\/li>\n<\/ul>\n<p>Die Landesbeh\u00f6rden sollten nun bis Ende 2004 gegen\u00fcber den Landwirten, die bereits Mischfruchtversuche machen, Kulanz zeigen. Am besten, indem sie \u00fcbergangsm\u00e4\u00dfig noch Pr\u00e4mien auch im Mischfruchtanbau zahlen, da dies dem Geiste der neuen EU-Beschl\u00fcsse entspricht.<\/p>\n<p><b>Hans-Josef Fell (MdB)<\/b><br \/>Sprecher f\u00fcr Forschung und Technologie<br \/>Bundestagsfraktion B\u00dcNDNIS 90\/DIE GR\u00dcNEN<br \/>Platz der Republik 1<br \/>11011 Berlin<br \/>Tel.: 030-227-72158<br \/>Fax:  030-227-76369<br \/>E-Mail: <a href=\"mailto:hans-josef.fell@bundestag.de\">hans-josef.fell@bundestag.de<\/a><br \/>Internet: <a href=\"http:\/\/www.hans-josef-fell.de\/\" >http:\/\/www.hans-josef-fell.de<\/a><\/p>\n<p>(Vgl. Meldung vom <a href=\"https:\/\/renewable-carbon.eu\/news\/nova-interview-mit-hubert-honecker-bmvel-zur-reform-der-gap\/\" >2003-07-07<\/a>.)<\/p>\n","protected":false},"excerpt":{"rendered":"<p>Bei den j&uuml;ngsten Br&uuml;sseler Agrarbeschl&uuml;sse wurden auch f&uuml;r die Bioenergien eine Reihe von Verbesserungen beschlossen. Sie sind Ergebnis erfolgreicher Verhandlungen vor allem der deutschen Agrarministerin<\/p>\n","protected":false},"author":3,"featured_media":0,"comment_status":"closed","ping_status":"closed","sticky":false,"template":"","format":"standard","meta":{"_seopress_robots_primary_cat":"","nova_meta_subtitle":"","footnotes":""},"categories":[5572],"tags":[],"supplier":[],"class_list":["post-6267","post","type-post","status-publish","format-standard","hentry","category-bio-based"],"_links":{"self":[{"href":"https:\/\/renewable-carbon.eu\/news\/wp-json\/wp\/v2\/posts\/6267","targetHints":{"allow":["GET"]}}],"collection":[{"href":"https:\/\/renewable-carbon.eu\/news\/wp-json\/wp\/v2\/posts"}],"about":[{"href":"https:\/\/renewable-carbon.eu\/news\/wp-json\/wp\/v2\/types\/post"}],"author":[{"embeddable":true,"href":"https:\/\/renewable-carbon.eu\/news\/wp-json\/wp\/v2\/users\/3"}],"replies":[{"embeddable":true,"href":"https:\/\/renewable-carbon.eu\/news\/wp-json\/wp\/v2\/comments?post=6267"}],"version-history":[{"count":0,"href":"https:\/\/renewable-carbon.eu\/news\/wp-json\/wp\/v2\/posts\/6267\/revisions"}],"wp:attachment":[{"href":"https:\/\/renewable-carbon.eu\/news\/wp-json\/wp\/v2\/media?parent=6267"}],"wp:term":[{"taxonomy":"category","embeddable":true,"href":"https:\/\/renewable-carbon.eu\/news\/wp-json\/wp\/v2\/categories?post=6267"},{"taxonomy":"post_tag","embeddable":true,"href":"https:\/\/renewable-carbon.eu\/news\/wp-json\/wp\/v2\/tags?post=6267"},{"taxonomy":"supplier","embeddable":true,"href":"https:\/\/renewable-carbon.eu\/news\/wp-json\/wp\/v2\/supplier?post=6267"}],"curies":[{"name":"wp","href":"https:\/\/api.w.org\/{rel}","templated":true}]}}