{"id":6261,"date":"2003-07-18T00:00:00","date_gmt":"2003-07-17T22:00:00","guid":{"rendered":"http:\/\/www.bio-based.eu\/news\/index.php?startid=20030718-10n"},"modified":"2003-07-18T00:00:00","modified_gmt":"2003-07-17T22:00:00","slug":"akustische-und-mechanische-eigenschaften-von-nfk","status":"publish","type":"post","link":"https:\/\/renewable-carbon.eu\/news\/akustische-und-mechanische-eigenschaften-von-nfk\/","title":{"rendered":"Akustische und mechanische Eigenschaften von NFK"},"content":{"rendered":"<p>Aus der Reihe &#8220;Forschungsberichte aus dem Faserinstitut Bremen&#8221; ist nun der Band Nr. 37 \u00fcber die akustischen und mechanischen Eigenschaften von naturfaserverst\u00e4rkten Kunststoffen erschienen:<\/p>\n<p><b>&#8220;Entwicklung eines Modellansatzes zur Beschreibung der akustischen Eigenschaften von faserverst\u00e4rkten Werkstoffverbunden &#8211; Teilschritt einer virtuellen Produktentwicklung&#8221;<\/b> (Band 37)<\/p>\n<p>Im Rahmen dieses Projekts ist ein Modellansatz f\u00fcr die virtuelle Produktentwicklung entwickelt worden. Es wurden die Einfl\u00fcsse der Materialzusammensetzungen und der Verarbeitungsschritte von der Faser \u00fcber die Zwischenprodukte Flor und Filz bis hin zum Sandwichaufbau auf das akustische und mechanische Verhalten betrachtet. Daf\u00fcr wurden die akustischen und mechanischen Eigenschaften  untersucht.<\/p>\n<p>Zu den bedeutensten Ergebnissen z\u00e4hlen:<\/p>\n<ul>\n<li>der Einfluss der Faserverst\u00e4rkung und -menge (Vergleich zwischen Glas- und Naturfasern),<\/li>\n<li>der Einfluss der Naturfasereigenschaften (Faserfeinheit, -L\u00e4nge, -Festigkeit und R\u00f6stgrad),<\/li>\n<li>der Einfluss der Verarbeitungsparameter (Vernadelungsdichten, Verpressungsgrad),<\/li>\n<li>der Einfluss der Porosit\u00e4ten von Schaummaterialien<\/li>\n<\/ul>\n<p>auf die akustischen und mechanischen Eigenschaften von verschiedenen Kombinationen von PP mit Hanf- oder Flachsfasern und Sch\u00e4umen.<\/p>\n<p>Wir danken dem BMBF f\u00fcr die finanzielle F\u00f6rderung des Forschungsvorhabens, die aus Haushaltsmitteln des Bundesministeriums f\u00fcr Bildung und Forschung \u00fcber den Projekttr\u00e4ger des BMBF (<a href=\"http:\/\/www.bmbf.de\/pt_781.html\" >Forschungszentrum J\u00fclich GmbH<\/a> &#8211; PTJ) erfolgte.<\/p>\n<p>Der Band liegt sowohl als Print- als auch in Dateiversion vor. Beide Versionen k\u00f6nnen sowohl beim <a href=\"http:\/\/www.faserinstitut.de\/\" >Faserinstitut<\/a> als auch \u00fcber die <a href=\"http:\/\/www.tib.uni-hannover.de\/\" >Universit\u00e4tsbibliothek Hannover<\/a> (TIB) bezogen werden.<\/p>\n<p><b>Faserinstitut Bremen e.V.<\/b><br \/>Wachstrasse 17-24<br \/>28195 BREMEN<br \/>Tel.: +49(0)421-360 89 0<br \/>Fax: +49(0)421-339 84 99<br \/>E-Mail: <a href=\"mailto:sekretariat@faserinstitut.de\">sekretariat@faserinstitut.de<\/a><\/p>\n","protected":false},"excerpt":{"rendered":"<p>Aus der Reihe &#8220;Forschungsberichte aus dem Faserinstitut Bremen&#8221; ist nun der Band Nr. 37 &uuml;ber die akustischen und mechanischen Eigenschaften von naturfaserverst&auml;rkten Kunststoffen erschienen:<\/p>\n","protected":false},"author":3,"featured_media":0,"comment_status":"closed","ping_status":"closed","sticky":false,"template":"","format":"standard","meta":{"_seopress_robots_primary_cat":"","nova_meta_subtitle":"","footnotes":""},"categories":[5572],"tags":[],"supplier":[],"class_list":["post-6261","post","type-post","status-publish","format-standard","hentry","category-bio-based"],"_links":{"self":[{"href":"https:\/\/renewable-carbon.eu\/news\/wp-json\/wp\/v2\/posts\/6261","targetHints":{"allow":["GET"]}}],"collection":[{"href":"https:\/\/renewable-carbon.eu\/news\/wp-json\/wp\/v2\/posts"}],"about":[{"href":"https:\/\/renewable-carbon.eu\/news\/wp-json\/wp\/v2\/types\/post"}],"author":[{"embeddable":true,"href":"https:\/\/renewable-carbon.eu\/news\/wp-json\/wp\/v2\/users\/3"}],"replies":[{"embeddable":true,"href":"https:\/\/renewable-carbon.eu\/news\/wp-json\/wp\/v2\/comments?post=6261"}],"version-history":[{"count":0,"href":"https:\/\/renewable-carbon.eu\/news\/wp-json\/wp\/v2\/posts\/6261\/revisions"}],"wp:attachment":[{"href":"https:\/\/renewable-carbon.eu\/news\/wp-json\/wp\/v2\/media?parent=6261"}],"wp:term":[{"taxonomy":"category","embeddable":true,"href":"https:\/\/renewable-carbon.eu\/news\/wp-json\/wp\/v2\/categories?post=6261"},{"taxonomy":"post_tag","embeddable":true,"href":"https:\/\/renewable-carbon.eu\/news\/wp-json\/wp\/v2\/tags?post=6261"},{"taxonomy":"supplier","embeddable":true,"href":"https:\/\/renewable-carbon.eu\/news\/wp-json\/wp\/v2\/supplier?post=6261"}],"curies":[{"name":"wp","href":"https:\/\/api.w.org\/{rel}","templated":true}]}}