{"id":6214,"date":"2003-08-11T00:00:00","date_gmt":"2003-08-10T22:00:00","guid":{"rendered":"http:\/\/www.bio-based.eu\/news\/index.php?startid=20030811-02n"},"modified":"2003-08-11T00:00:00","modified_gmt":"2003-08-10T22:00:00","slug":"farmatic-baut-biokraftwerk-in-vioel","status":"publish","type":"post","link":"https:\/\/renewable-carbon.eu\/news\/farmatic-baut-biokraftwerk-in-vioel\/","title":{"rendered":"farmatic baut Biokraftwerk in Vi\u00f6l"},"content":{"rendered":"<p>Die b\u00f6rsennotierte <a href=\"http:\/\/www.farmatic.de\/\" >farmatic biotech energy ag<\/a> hat einen Auftrag zum Bau eines Biokraftwerks in Nordfriesland erhalten. Mit der Gemeinde Vi\u00f6l hat die Gesellschaft einen Vertrag \u00fcber die Planung und Errichtung einer Biogasanlage zur Erzeugung regenerativer Energie abgeschlossen. Der Auftrag hat ein Volumen von 4,5 Mio. Euro.<\/p>\n<p>Bereits in den n\u00e4chsten Wochen wird mit dem Bau des Biokraftwerks begonnen. Ab Juni 2004 soll die Anlage dann j\u00e4hrlich 100.000 t Rinder- und Schweineg\u00fclle sowie Mais- und Grassilage verwerten, die von umliegenden landwirtschaftlichen Betrieben geliefert werden. Das in der Anlage gewonnene Biogas dient der Produktion regenerativer elektrischer (1.250 kW) und thermischer (996 kW) Energie.<\/p>\n<p>Der Bau des Biokraftwerkes in Vi\u00f6l ist ein regionales Leitprojekt, das auch auf europ\u00e4ischer Ebene gef\u00f6rdert wird. Neben der Energiegewinnung verfolgt die Gemeinde auch das Ziel, Geruchsbel\u00e4stigungen durch Verwertung der im Einzugsgebiet anfallenden G\u00fclle zu minimieren. Bisher werden die Abfallstoffe der Tierhaltung noch konventionell gelagert und genutzt. Auch ist beabsichtigt, die nach dem Prozess der Verg\u00e4rung \u00fcbrigen Reststoffe als D\u00fcnger wieder an die Landwirte abzugeben. Das sogenannte G\u00e4rsubstrat zeichnet sich durch eine hohe Pflanzenvertr\u00e4glichkeit aus und erm\u00f6glicht somit eine Reduzierung der Nitratbelastung der Nutzb\u00f6den.<\/p>\n<p><b>F\u00fcr R\u00fcckfragen und weitere Informationen:<\/b><br \/>Vibeke Krey (Unternehmenskommunikation)<br \/>farmatic biotech energy ag <br \/>Kolberger Strasse 13<br \/>D-24589 Nortorf<br \/>Tel.: +49-(0)4392)-9177-200<br \/>Fax: +49-(0)4392)-9177-197<br \/>E-Mail: <a href=\"mailto:krey@farmatic.com\">krey@farmatic.com<\/a><br \/>Internet: <a href=\"http:\/\/www.farmatic.com\/\" >www.farmatic.com<\/a><\/p>\n","protected":false},"excerpt":{"rendered":"<p>Die b&ouml;rsennotierte farmatic biotech energy ag hat einen Auftrag zum Bau eines Biokraftwerks in Nordfriesland erhalten. Mit der Gemeinde Vi&ouml;l hat die Gesellschaft einen Vertrag<\/p>\n","protected":false},"author":3,"featured_media":0,"comment_status":"closed","ping_status":"closed","sticky":false,"template":"","format":"standard","meta":{"_seopress_robots_primary_cat":"","nova_meta_subtitle":"","footnotes":""},"categories":[5572],"tags":[],"supplier":[],"class_list":["post-6214","post","type-post","status-publish","format-standard","hentry","category-bio-based"],"_links":{"self":[{"href":"https:\/\/renewable-carbon.eu\/news\/wp-json\/wp\/v2\/posts\/6214","targetHints":{"allow":["GET"]}}],"collection":[{"href":"https:\/\/renewable-carbon.eu\/news\/wp-json\/wp\/v2\/posts"}],"about":[{"href":"https:\/\/renewable-carbon.eu\/news\/wp-json\/wp\/v2\/types\/post"}],"author":[{"embeddable":true,"href":"https:\/\/renewable-carbon.eu\/news\/wp-json\/wp\/v2\/users\/3"}],"replies":[{"embeddable":true,"href":"https:\/\/renewable-carbon.eu\/news\/wp-json\/wp\/v2\/comments?post=6214"}],"version-history":[{"count":0,"href":"https:\/\/renewable-carbon.eu\/news\/wp-json\/wp\/v2\/posts\/6214\/revisions"}],"wp:attachment":[{"href":"https:\/\/renewable-carbon.eu\/news\/wp-json\/wp\/v2\/media?parent=6214"}],"wp:term":[{"taxonomy":"category","embeddable":true,"href":"https:\/\/renewable-carbon.eu\/news\/wp-json\/wp\/v2\/categories?post=6214"},{"taxonomy":"post_tag","embeddable":true,"href":"https:\/\/renewable-carbon.eu\/news\/wp-json\/wp\/v2\/tags?post=6214"},{"taxonomy":"supplier","embeddable":true,"href":"https:\/\/renewable-carbon.eu\/news\/wp-json\/wp\/v2\/supplier?post=6214"}],"curies":[{"name":"wp","href":"https:\/\/api.w.org\/{rel}","templated":true}]}}