{"id":6183,"date":"2003-05-15T00:00:00","date_gmt":"2003-05-14T22:00:00","guid":{"rendered":"http:\/\/www.bio-based.eu\/news\/index.php?startid=20030515-08n"},"modified":"2003-05-15T00:00:00","modified_gmt":"2003-05-14T22:00:00","slug":"der-bundesverband-bioenergie-e-v-bbe-gruendet-einen-politischwissenschaftlichen-beirat","status":"publish","type":"post","link":"https:\/\/renewable-carbon.eu\/news\/der-bundesverband-bioenergie-e-v-bbe-gruendet-einen-politischwissenschaftlichen-beirat\/","title":{"rendered":"Der Bundesverband BioEnergie e.V. (BBE) gr\u00fcndet einen Politisch\/Wissenschaftlichen Beirat"},"content":{"rendered":"<p>Der <a href=\"http:\/\/www.bioenergie.de\/\" >Bundesverband BioEnergie<\/a> (BBE) hat am 7.5.2003 in Berlin einen Politischen\/ Wissenschaftlichen Beirat gegr\u00fcndet. Der Beirat setzt sich aus Pers\u00f6nlichkeiten aus Politik, Wissenschaft und Wirtschaft zusammen und soll den BBE-Vorstand zuk\u00fcnftig insbesondere bei der Interessenswahrnehmung zur F\u00f6rderung und zum Ausbau der Bioenergie unterst\u00fctzen und beraten. Vorsitzender des Beirates ist Dr. Andreas Sch\u00fctte, Gesch\u00e4ftsf\u00fchrer der <a href=\"http:\/\/www.fnr.de\/\" >Fachagentur Nachwachsende Rohstoffe e.V.<\/a> (FNR). <\/p>\n<p>Bei der Auswahl und Ansprache der Beiratsmitglieder hat der Bundesverband BioEnergie (BBE) gro\u00dfe Sorgfalt auf eine personelle und inhaltliche Ausgewogenheit gelegt. Vertreter aus allen Bundestagsfraktionen wurden zur konstituierenden Sitzung des BBE-Beirates eingeladen, ebenso konnten Wissenschaftler aus allen Anwendungs- und Produktionsbereichen der Biomasse (Strom, W\u00e4rme, Kraftstoffe) f\u00fcr die zuk\u00fcnftige Beiratsarbeit gewonnen werden. So sind neben Industrieunternehmen wie die Daimler Chrysler AG oder Volkswagen AG und Verb\u00e4nden, wie dem Bundesverband Erneuerbare Energien oder der Arbeitsgemeinschaft Deutscher Waldbesitzerverb\u00e4nde e.V. (AGDW), auch Hochschulen, Forschungsinstitute und der Deutsche St\u00e4dte- und Gemeindebund vertreten. <\/p>\n<p>Der BBE-Vorstand beh\u00e4lt sich dabei vor, den Beirat bei Bedarf zuk\u00fcnftig um weitere Mitglieder zu erg\u00e4nzen. Der Politische\/Wissenschaftliche Beirat soll die inhaltliche Arbeit des Bundesverbandes BioEnergie (BBE) zuk\u00fcnftig beratend begleiten und zudem einen regelm\u00e4\u00dfigen Informationsaustausch zwischen der Politik, der Wissenschaft und dem Bundesverband BioEnergie (BBE) gew\u00e4hrleisten.<\/p>\n","protected":false},"excerpt":{"rendered":"<p>Der Bundesverband BioEnergie (BBE) hat am 7.5.2003 in Berlin einen Politischen\/ Wissenschaftlichen Beirat gegr&uuml;ndet. Der Beirat setzt sich aus Pers&ouml;nlichkeiten aus Politik, Wissenschaft und Wirtschaft<\/p>\n","protected":false},"author":3,"featured_media":0,"comment_status":"closed","ping_status":"closed","sticky":false,"template":"","format":"standard","meta":{"_seopress_robots_primary_cat":"","nova_meta_subtitle":"","footnotes":""},"categories":[5572],"tags":[],"supplier":[],"class_list":["post-6183","post","type-post","status-publish","format-standard","hentry","category-bio-based"],"_links":{"self":[{"href":"https:\/\/renewable-carbon.eu\/news\/wp-json\/wp\/v2\/posts\/6183","targetHints":{"allow":["GET"]}}],"collection":[{"href":"https:\/\/renewable-carbon.eu\/news\/wp-json\/wp\/v2\/posts"}],"about":[{"href":"https:\/\/renewable-carbon.eu\/news\/wp-json\/wp\/v2\/types\/post"}],"author":[{"embeddable":true,"href":"https:\/\/renewable-carbon.eu\/news\/wp-json\/wp\/v2\/users\/3"}],"replies":[{"embeddable":true,"href":"https:\/\/renewable-carbon.eu\/news\/wp-json\/wp\/v2\/comments?post=6183"}],"version-history":[{"count":0,"href":"https:\/\/renewable-carbon.eu\/news\/wp-json\/wp\/v2\/posts\/6183\/revisions"}],"wp:attachment":[{"href":"https:\/\/renewable-carbon.eu\/news\/wp-json\/wp\/v2\/media?parent=6183"}],"wp:term":[{"taxonomy":"category","embeddable":true,"href":"https:\/\/renewable-carbon.eu\/news\/wp-json\/wp\/v2\/categories?post=6183"},{"taxonomy":"post_tag","embeddable":true,"href":"https:\/\/renewable-carbon.eu\/news\/wp-json\/wp\/v2\/tags?post=6183"},{"taxonomy":"supplier","embeddable":true,"href":"https:\/\/renewable-carbon.eu\/news\/wp-json\/wp\/v2\/supplier?post=6183"}],"curies":[{"name":"wp","href":"https:\/\/api.w.org\/{rel}","templated":true}]}}