{"id":6172,"date":"2003-05-23T00:00:00","date_gmt":"2003-05-22T22:00:00","guid":{"rendered":"http:\/\/www.bio-based.eu\/news\/index.php?startid=20030523-03n"},"modified":"2003-05-23T00:00:00","modified_gmt":"2003-05-22T22:00:00","slug":"union-zur-foerderung-von-oel-und-proteinpflanzen-e-v-ufop-in-berlin","status":"publish","type":"post","link":"https:\/\/renewable-carbon.eu\/news\/union-zur-foerderung-von-oel-und-proteinpflanzen-e-v-ufop-in-berlin\/","title":{"rendered":"Union zur F\u00f6rderung von Oel- und Proteinpflanzen e.V. (UFOP) in Berlin"},"content":{"rendered":"<p>Nach dem Gesch\u00e4ftsf\u00fchrerwechsel befindet sich die Gesch\u00e4ftsstelle der Union zur F\u00f6rderung von Oel- und Proteinpflanzen e.V. (UFOP) ab sofort in Berlin: <\/p>\n<p>Reinhardtstr. 18<br \/>10117 Berlin<br \/>Tel.: 030-31 904-202<br \/>Fax: 030-31 904-485<br \/>E-Mail: <a href=\"mailto:ufop@bauernverband.net\">ufop@bauernverband.net<\/a><br \/>Internet: <a href=\"http:\/\/www.ufop.de\/\" >www.ufop.de<\/a><\/p>\n","protected":false},"excerpt":{"rendered":"<p>Nach dem Gesch&auml;ftsf&uuml;hrerwechsel befindet sich die Gesch&auml;ftsstelle der Union zur F&ouml;rderung von Oel- und Proteinpflanzen e.V. (UFOP) ab sofort in Berlin: <\/p>\n<p>Reinhardtstr. 18<\/p>\n","protected":false},"author":3,"featured_media":0,"comment_status":"closed","ping_status":"closed","sticky":false,"template":"","format":"standard","meta":{"_seopress_robots_primary_cat":"","nova_meta_subtitle":"","footnotes":""},"categories":[5572],"tags":[],"supplier":[],"class_list":["post-6172","post","type-post","status-publish","format-standard","hentry","category-bio-based"],"_links":{"self":[{"href":"https:\/\/renewable-carbon.eu\/news\/wp-json\/wp\/v2\/posts\/6172","targetHints":{"allow":["GET"]}}],"collection":[{"href":"https:\/\/renewable-carbon.eu\/news\/wp-json\/wp\/v2\/posts"}],"about":[{"href":"https:\/\/renewable-carbon.eu\/news\/wp-json\/wp\/v2\/types\/post"}],"author":[{"embeddable":true,"href":"https:\/\/renewable-carbon.eu\/news\/wp-json\/wp\/v2\/users\/3"}],"replies":[{"embeddable":true,"href":"https:\/\/renewable-carbon.eu\/news\/wp-json\/wp\/v2\/comments?post=6172"}],"version-history":[{"count":0,"href":"https:\/\/renewable-carbon.eu\/news\/wp-json\/wp\/v2\/posts\/6172\/revisions"}],"wp:attachment":[{"href":"https:\/\/renewable-carbon.eu\/news\/wp-json\/wp\/v2\/media?parent=6172"}],"wp:term":[{"taxonomy":"category","embeddable":true,"href":"https:\/\/renewable-carbon.eu\/news\/wp-json\/wp\/v2\/categories?post=6172"},{"taxonomy":"post_tag","embeddable":true,"href":"https:\/\/renewable-carbon.eu\/news\/wp-json\/wp\/v2\/tags?post=6172"},{"taxonomy":"supplier","embeddable":true,"href":"https:\/\/renewable-carbon.eu\/news\/wp-json\/wp\/v2\/supplier?post=6172"}],"curies":[{"name":"wp","href":"https:\/\/api.w.org\/{rel}","templated":true}]}}