{"id":61666,"date":"2019-03-25T07:20:26","date_gmt":"2019-03-25T06:20:26","guid":{"rendered":"https:\/\/renewable-carbon.eu\/news\/?p=61666"},"modified":"2019-03-22T13:24:41","modified_gmt":"2019-03-22T12:24:41","slug":"internationaler-tag-der-waelder-rueckt-bildung-in-den-blickpunkt","status":"publish","type":"post","link":"https:\/\/renewable-carbon.eu\/news\/internationaler-tag-der-waelder-rueckt-bildung-in-den-blickpunkt\/","title":{"rendered":"Internationaler Tag der W\u00e4lder r\u00fcckt Bildung in den Blickpunkt"},"content":{"rendered":"<figure id=\"attachment_61668\" aria-describedby=\"caption-attachment-61668\" style=\"width: 242px\" class=\"wp-caption alignright\"><a href=\"https:\/\/www.fnr.de\/fileadmin\/news\/fnr\/2019\/PM_KIWUH_2019-06_PlanBirke_f%C3%BCr_typo_3.JPG\"><img loading=\"lazy\" decoding=\"async\" class=\"wp-image-61668 \" src=\"https:\/\/renewable-carbon.eu\/news\/wp-content\/uploads\/2019\/03\/csm_PM_KIWUH_2019-06_PlanBirke_fu--r_typo_3_705bab3946.jpg\" alt=\"csm_PM_KIWUH_2019-06_PlanBirke_fu\u0308r_typo_3_705bab3946\" width=\"242\" height=\"152\" \/><\/a><figcaption id=\"caption-attachment-61668\" class=\"wp-caption-text\">Mitmach-Forschung: An der Datenerhebung f\u00fcr das F\u00f6rderprojekt \u201ePlanBirke\u201c wirken interessierte Laien mit. Die B\u00fcrgerforscher entnehmen u. a. f\u00fcr die Jahrring-Analyse Bohrkerne, um den Holzzuwachs der Birken zu messen. Foto: FIB Eberswalde<\/figcaption><\/figure>\n<p><strong>Der diesj\u00e4hrige Internationale Tag der W\u00e4lder am 21. M\u00e4rz steht unter dem Motto \u201eW\u00e4lder und Bildung\u201c.\u00a0 Ein Projekt, das sich dieses Themas annimmt, ist \u201ePlanBirke\u201c, eine b\u00fcrgerbeteiligte Image- und Bildungsoffensive, die mit F\u00f6rdermitteln aus dem Waldklimafonds unterst\u00fctzt wird.<\/strong><\/p>\n<p>Zu flink, zu hoch, zu weich: Lange Zeit wurde die Gemeine Birke (<em>Betula pendula<\/em>) als unerw\u00fcnschter Wildwuchs aus deutschen W\u00e4ldern verbannt. Bundesweit kommt sie aktuell auf knapp f\u00fcnf Prozent der Waldfl\u00e4che vor. Dabei leistet die anspruchslose, schnellw\u00fcchsige \u201eDame des Waldes\u201c Bedeutendes zur Anpassung der W\u00e4lder an den Klimawandel: \u201eIn W\u00e4ldern, die von Monokulturen zu klimastabilen Mischbest\u00e4nden entwickelt werden, bereitet die Birke als Pionierbaum im Wortsinne den Boden f\u00fcr die anfangs schutzbed\u00fcrftigen, langlebigeren Baumarten des Zielwaldes. Nach Waldbrand oder Sturmsch\u00e4den besiedelt sie z\u00fcgig Kahlfl\u00e4chen und tr\u00e4gt so zum Aufrechterhalten der Waldfunktionen bei\u201c, erkl\u00e4rt Dr. Dirk Knoche. Er leitet im Finsterwalder Forschungsinstitut f\u00fcr Bergbaufolgelandschaften e.V. (FIB) das aus dem Waldklimafonds von BMU und BMEL gef\u00f6rderte <a href=\"https:\/\/plan-birke.de\/\" target=\"_blank\">Projekt \u201ePlanBirke\u201c<\/a>.<\/p>\n<p>Seit Januar 2018 entsteht unter B\u00fcrgerbeteiligung eine bundesweite, multimediale Image- und Bildungskampagne <a href=\"https:\/\/plan-birke.de\/\" target=\"_blank\">mit interaktiver Homepage<\/a>, Forschungs-App, Wald-Bildungsmodulen f\u00fcr Sch\u00fcler zu Klima, Boden, Artenvielfalt und Forstwirtschaft. Ab Sommer 2019 wird es eine Wanderausstellung zur \u201eDame des Waldes\u201c und bis zum Projektende im Dezember 2020 einen neuen Bildungskoffer f\u00fcr Waldp\u00e4dagogen geben.<\/p>\n<p>F\u00fcr forstliche Entscheider*innen und Waldbesitzer*innen liefert \u201ePlanBirke\u201c Fachinformationen zur \u00d6kologie, zur Bewirtschaftung und zur wertsch\u00f6pfenden Holznutzung der Birke. F\u00fcr Kinder und Erwachsene werden die Ergebnisse der \u201eMitmachforschung\u201c umweltp\u00e4dagogisch aufbereitet.<\/p>\n<p>\u201eLerne W\u00e4lder zu lieben\u201c legt die Ern\u00e4hrungs- und Landwirtschaftsorganisation der Vereinten Nationen (FAO) den Betrachtern ihres Films zum diesj\u00e4hrigen Internationalen Tag der W\u00e4lder ans Herz. Mit Projekten wie diesem kann das gelingen.<\/p>\n<div class=\"BorlabsCookie _brlbs-cb-youtube\">\n<div class=\"_brlbs-content-blocker\">\n<div class=\"_brlbs-embed _brlbs-video-youtube\"> <img decoding=\"async\" class=\"_brlbs-thumbnail\" src=\"https:\/\/renewable-carbon.eu\/news\/wp-content\/plugins\/borlabs-cookie\/assets\/images\/cb-no-thumbnail.png\" alt=\"YouTube\"> <\/p>\n<div class=\"_brlbs-caption\">\n<p>By loading the video, you agree to YouTube&#8217;s privacy policy.<br \/><a href=\"https:\/\/policies.google.com\/privacy?hl=en&amp;gl=en\" target=\"_blank\" rel=\"nofollow noopener noreferrer\">Learn more<\/a><\/p>\n<p><a class=\"_brlbs-btn _brlbs-icon-play-white\" href=\"#\" data-borlabs-cookie-unblock role=\"button\">Load video<\/a><\/p>\n<p><label><input type=\"checkbox\" name=\"unblockAll\" value=\"1\" checked> <small>Always unblock YouTube<\/small><\/label><\/p><\/div>\n<\/p><\/div>\n<\/p><\/div>\n<div class=\"borlabs-hide\" data-borlabs-cookie-type=\"content-blocker\" data-borlabs-cookie-id=\"youtube\"><script type=\"text\/template\">PGlmcmFtZSB0aXRsZT0iSW50ZXJuYXRpb25hbGVyIFRhZyBkZXMgV2FsZGVzIDIwMTk6IFfDpGxkZXIgdW5kIEJpbGR1bmciIHdpZHRoPSI1MDAiIGhlaWdodD0iMjgxIiBzcmM9Imh0dHBzOi8vd3d3LnlvdXR1YmUtbm9jb29raWUuY29tL2VtYmVkLzlKZkFUZDhZaFA0P2ZlYXR1cmU9b2VtYmVkIiBmcmFtZWJvcmRlcj0iMCIgYWxsb3c9ImFjY2VsZXJvbWV0ZXI7IGF1dG9wbGF5OyBjbGlwYm9hcmQtd3JpdGU7IGVuY3J5cHRlZC1tZWRpYTsgZ3lyb3Njb3BlOyBwaWN0dXJlLWluLXBpY3R1cmU7IHdlYi1zaGFyZSIgcmVmZXJyZXJwb2xpY3k9InN0cmljdC1vcmlnaW4td2hlbi1jcm9zcy1vcmlnaW4iIGFsbG93ZnVsbHNjcmVlbj48L2lmcmFtZT4=<\/script><\/div>\n<\/div>\n<p>&nbsp;<\/p>\n<h3>Hintergrund<\/h3>\n<p>Der Internationale Tag des Waldes wurde 1971 von der Ern\u00e4hrungs- und Landwirtschaftsorganisation der Vereinten Nationen (FAO) als Reaktion auf die globale Waldvernichtung ins Leben gerufen.<\/p>\n<p>Das Vorhaben \u201eB\u00fcrgerbeteiligte Image und Bildungsoffensive BIRKE \u2013 BIBI\u201c (\u201ePlanBirke\u201c) wird vom Bundesministerium f\u00fcr Ern\u00e4hrung und Landwirtschaft (BMEL) und dem Bundesministerium f\u00fcr Umwelt, Naturschutz und nukleare Sicherheit (BMU) aus dem Waldklimafonds \u00fcber den Projekttr\u00e4ger Fachagentur Nachwachsende Rohstoffe e.V. (FNR) gef\u00f6rdert. Die Projektbearbeitung erfolgt im Kompetenz- und Informationszentrum Wald und Holz (KIWUH) der FNR.<\/p>\n<p>Der Waldklimafonds wurde im Juni 2013 als Bestandteil des Energie- und Klimafonds gemeinsam von BMEL und BMU aufgelegt. Bis Dezember 2018 betreute die Bundesanstalt f\u00fcr Landwirtschaft und Ern\u00e4hrung (BLE) als Projekttr\u00e4ger den Waldklimafonds. Seit Januar 2019 werden die aus dem Fonds gef\u00f6rderten Forschungs- und Entwicklungsprojekte durch das KIWUH begleitet.<\/p>\n<p>Das KIWUH ist eine Abteilung der Fachagentur Nachwachsende Rohstoffe. Die FNR ist seit 25 Jahren als Projekttr\u00e4ger des BMEL f\u00fcr das F\u00f6rderprogramm Nachwachsende Rohstoffe aktiv. Sie unterst\u00fctzt Forschungsthemen in den Bereichen nachhaltige Forstwirtschaft und innovative Holzverwendung und ist seit 2016 mit der Umsetzung der Deutschen Waldtage sowie der Charta f\u00fcr Holz 2.0 betraut. FNR und KIWUH leisten zudem Fachinformationen und \u00d6ffentlichkeitsarbeit.<\/p>\n","protected":false},"excerpt":{"rendered":"<p>Der diesj\u00e4hrige Internationale Tag der W\u00e4lder am 21. M\u00e4rz steht unter dem Motto \u201eW\u00e4lder und Bildung\u201c.\u00a0 Ein Projekt, das sich dieses Themas annimmt, ist \u201ePlanBirke\u201c, eine b\u00fcrgerbeteiligte Image- und Bildungsoffensive, die mit F\u00f6rdermitteln aus dem Waldklimafonds unterst\u00fctzt wird. Zu flink, zu hoch, zu weich: Lange Zeit wurde die Gemeine Birke (Betula pendula) als unerw\u00fcnschter Wildwuchs [&#8230;]<\/p>\n","protected":false},"author":59,"featured_media":0,"comment_status":"closed","ping_status":"closed","sticky":false,"template":"","format":"standard","meta":{"_seopress_robots_primary_cat":"","nova_meta_subtitle":"","footnotes":""},"categories":[5572],"tags":[11567],"supplier":[6286,279,19232,15289],"class_list":["post-61666","post","type-post","status-publish","format-standard","hentry","category-bio-based","tag-umwelt","supplier-bundesministerium-ernahrung-landwirtschaft","supplier-bundesministerium-fuer-umwelt-naturschutz-und-reaktorsicherheit","supplier-fachagentur-nachwachsende-rohstoffe-e-v-fnr","supplier-kompetenz-und-informationszentrum-wald-und-holz-kiwuh"],"_links":{"self":[{"href":"https:\/\/renewable-carbon.eu\/news\/wp-json\/wp\/v2\/posts\/61666","targetHints":{"allow":["GET"]}}],"collection":[{"href":"https:\/\/renewable-carbon.eu\/news\/wp-json\/wp\/v2\/posts"}],"about":[{"href":"https:\/\/renewable-carbon.eu\/news\/wp-json\/wp\/v2\/types\/post"}],"author":[{"embeddable":true,"href":"https:\/\/renewable-carbon.eu\/news\/wp-json\/wp\/v2\/users\/59"}],"replies":[{"embeddable":true,"href":"https:\/\/renewable-carbon.eu\/news\/wp-json\/wp\/v2\/comments?post=61666"}],"version-history":[{"count":0,"href":"https:\/\/renewable-carbon.eu\/news\/wp-json\/wp\/v2\/posts\/61666\/revisions"}],"wp:attachment":[{"href":"https:\/\/renewable-carbon.eu\/news\/wp-json\/wp\/v2\/media?parent=61666"}],"wp:term":[{"taxonomy":"category","embeddable":true,"href":"https:\/\/renewable-carbon.eu\/news\/wp-json\/wp\/v2\/categories?post=61666"},{"taxonomy":"post_tag","embeddable":true,"href":"https:\/\/renewable-carbon.eu\/news\/wp-json\/wp\/v2\/tags?post=61666"},{"taxonomy":"supplier","embeddable":true,"href":"https:\/\/renewable-carbon.eu\/news\/wp-json\/wp\/v2\/supplier?post=61666"}],"curies":[{"name":"wp","href":"https:\/\/api.w.org\/{rel}","templated":true}]}}