{"id":6161,"date":"2003-05-26T00:00:00","date_gmt":"2003-05-25T22:00:00","guid":{"rendered":"http:\/\/www.bio-based.eu\/news\/index.php?startid=20030526-09n"},"modified":"2003-05-26T00:00:00","modified_gmt":"2003-05-25T22:00:00","slug":"nachruf-dr-dr-fritz-hadwich","status":"publish","type":"post","link":"https:\/\/renewable-carbon.eu\/news\/nachruf-dr-dr-fritz-hadwich\/","title":{"rendered":"Nachruf: Dr. Dr. Fritz Hadwich"},"content":{"rendered":"<p>Im April 2003 verstarb im 84. Lebensjahr der langj\u00e4hrige Leiter des Labors der Bremer Baumwollb\u00f6rse.<\/p>\n<p>Dipl.-Ing. F. Hadwich trat im Jahre 1955 in die Dienste der Bremer Baumwollb\u00f6rse und wurde damit betraut, ein fasertechnisches Laboratorium einzurichten. Dieses Testlabor entwickelte sich unter Hadwichs Leitung zu einem Faserpr\u00fcfzentrum, das weit \u00fcber die Grenzen Deutschlands hinaus Anerkennung und Wertsch\u00e4tzung erfuhr. Besonderes Verdienst erwarb sich der Verstorbene bei der Erstellung und Einf\u00fchrung von Pr\u00fcfnormen f\u00fcr Naturfasern sowie<br \/>in der Einf\u00fchrung und Organisation der &#8220;Bremer Baumwoll-Rundteste&#8221;. Auf seine Initiative gehen ebenfalls die in zweij\u00e4hrigen Abst\u00e4nden stattfindenen internationalen Baumwoll-Tagungen zur\u00fcck, an der mittlerweile mehr als 500 internationale Faserspezialisten teilnehmen.<\/p>\n<p>Dr. Hadwichs Arbeitsgebiet erfuhr eine wesentliche Erweiterung durch die Einrichtung eines Pr\u00fcflaboratoriums f\u00fcr Wolle im Jahr 1964. 1969 wurde er au\u00dferdem mit der wissenschaftlichen und technischen Leitung des in diesem Jahr aus den genannten Laboratorien geschaffenen Faserinstitut Bremen e.V. betraut.<\/p>\n<p>Dank seiner gro\u00dfen Fachkenntnisse und seines unerm\u00fcdlichen Einsatzes gelang es Hadwich, mit dem Faserinstitut Bremen e.V. aus kleinen Anf\u00e4ngen eine Institution zu entwickeln, die heute internationale Geltung besitzt und zu einem weltweiten Zentrum der Naturfaserpr\u00fcfung, -harmonisierung und -forschung geworden ist.<\/p>\n","protected":false},"excerpt":{"rendered":"<p>Im April 2003 verstarb im 84. Lebensjahr der langj&auml;hrige Leiter des Labors der Bremer Baumwollb&ouml;rse.<\/p>\n<p>Dipl.-Ing. F. Hadwich trat im Jahre 1955 in die<\/p>\n","protected":false},"author":3,"featured_media":0,"comment_status":"closed","ping_status":"closed","sticky":false,"template":"","format":"standard","meta":{"_seopress_robots_primary_cat":"","nova_meta_subtitle":"","footnotes":""},"categories":[5572],"tags":[],"supplier":[],"class_list":["post-6161","post","type-post","status-publish","format-standard","hentry","category-bio-based"],"_links":{"self":[{"href":"https:\/\/renewable-carbon.eu\/news\/wp-json\/wp\/v2\/posts\/6161","targetHints":{"allow":["GET"]}}],"collection":[{"href":"https:\/\/renewable-carbon.eu\/news\/wp-json\/wp\/v2\/posts"}],"about":[{"href":"https:\/\/renewable-carbon.eu\/news\/wp-json\/wp\/v2\/types\/post"}],"author":[{"embeddable":true,"href":"https:\/\/renewable-carbon.eu\/news\/wp-json\/wp\/v2\/users\/3"}],"replies":[{"embeddable":true,"href":"https:\/\/renewable-carbon.eu\/news\/wp-json\/wp\/v2\/comments?post=6161"}],"version-history":[{"count":0,"href":"https:\/\/renewable-carbon.eu\/news\/wp-json\/wp\/v2\/posts\/6161\/revisions"}],"wp:attachment":[{"href":"https:\/\/renewable-carbon.eu\/news\/wp-json\/wp\/v2\/media?parent=6161"}],"wp:term":[{"taxonomy":"category","embeddable":true,"href":"https:\/\/renewable-carbon.eu\/news\/wp-json\/wp\/v2\/categories?post=6161"},{"taxonomy":"post_tag","embeddable":true,"href":"https:\/\/renewable-carbon.eu\/news\/wp-json\/wp\/v2\/tags?post=6161"},{"taxonomy":"supplier","embeddable":true,"href":"https:\/\/renewable-carbon.eu\/news\/wp-json\/wp\/v2\/supplier?post=6161"}],"curies":[{"name":"wp","href":"https:\/\/api.w.org\/{rel}","templated":true}]}}