{"id":6149,"date":"2003-05-30T00:00:00","date_gmt":"2003-05-29T22:00:00","guid":{"rendered":"http:\/\/www.bio-based.eu\/news\/index.php?startid=20030530-03n"},"modified":"2003-05-30T00:00:00","modified_gmt":"2003-05-29T22:00:00","slug":"jugend-forscht-kokleber-vornean","status":"publish","type":"post","link":"https:\/\/renewable-carbon.eu\/news\/jugend-forscht-kokleber-vornean\/","title":{"rendered":"&#8220;Jugend forscht&#8221;: &Ouml;kokleber vornean"},"content":{"rendered":"<p>Mit vielen innovativen Pr\u00e4sentationen wartete am vergangenen Sonntag in Ludwigshafen der europaweit gr\u00f6\u00dfte Jugend-Wettbewerb f\u00fcr Naturwissenschaften und Technik auf.<\/p>\n<p>Hier erhielt die 20-j\u00e4hrige Isabel Wagner aus Hamburg den Preis der Deutschen Forschungsgemeinschaft f\u00fcr l\u00f6sungsmittelfreie Klebstoffe, die sie aus Lebensmitteln wie Reis und Gelatine entwickelt hatte.<\/p>\n<p>(Vgl. Meldung vom <a href=\"https:\/\/renewable-carbon.eu\/news\/schuelerinnen-entwickeln-patent-verdaechtigen-bio-kleber\/\" >2002-03-02<\/a>.)<\/p>\n","protected":false},"excerpt":{"rendered":"<p>Mit vielen innovativen Pr&auml;sentationen wartete am vergangenen Sonntag in Ludwigshafen der europaweit gr&ouml;&szlig;te Jugend-Wettbewerb f&uuml;r Naturwissenschaften und Technik auf.<\/p>\n<p>Hier erhielt die 20-j&auml;hrige Isabel<\/p>\n","protected":false},"author":3,"featured_media":0,"comment_status":"closed","ping_status":"closed","sticky":false,"template":"","format":"standard","meta":{"_seopress_robots_primary_cat":"","nova_meta_subtitle":"","footnotes":""},"categories":[5572],"tags":[],"supplier":[],"class_list":["post-6149","post","type-post","status-publish","format-standard","hentry","category-bio-based"],"_links":{"self":[{"href":"https:\/\/renewable-carbon.eu\/news\/wp-json\/wp\/v2\/posts\/6149","targetHints":{"allow":["GET"]}}],"collection":[{"href":"https:\/\/renewable-carbon.eu\/news\/wp-json\/wp\/v2\/posts"}],"about":[{"href":"https:\/\/renewable-carbon.eu\/news\/wp-json\/wp\/v2\/types\/post"}],"author":[{"embeddable":true,"href":"https:\/\/renewable-carbon.eu\/news\/wp-json\/wp\/v2\/users\/3"}],"replies":[{"embeddable":true,"href":"https:\/\/renewable-carbon.eu\/news\/wp-json\/wp\/v2\/comments?post=6149"}],"version-history":[{"count":0,"href":"https:\/\/renewable-carbon.eu\/news\/wp-json\/wp\/v2\/posts\/6149\/revisions"}],"wp:attachment":[{"href":"https:\/\/renewable-carbon.eu\/news\/wp-json\/wp\/v2\/media?parent=6149"}],"wp:term":[{"taxonomy":"category","embeddable":true,"href":"https:\/\/renewable-carbon.eu\/news\/wp-json\/wp\/v2\/categories?post=6149"},{"taxonomy":"post_tag","embeddable":true,"href":"https:\/\/renewable-carbon.eu\/news\/wp-json\/wp\/v2\/tags?post=6149"},{"taxonomy":"supplier","embeddable":true,"href":"https:\/\/renewable-carbon.eu\/news\/wp-json\/wp\/v2\/supplier?post=6149"}],"curies":[{"name":"wp","href":"https:\/\/api.w.org\/{rel}","templated":true}]}}