{"id":6125,"date":"2003-06-13T00:00:00","date_gmt":"2003-06-12T22:00:00","guid":{"rendered":"http:\/\/www.bio-based.eu\/news\/index.php?startid=20030613-04n"},"modified":"2003-06-13T00:00:00","modified_gmt":"2003-06-12T22:00:00","slug":"deutschland-und-frankreich-vereint-gegen-eu-agrarreform","status":"publish","type":"post","link":"https:\/\/renewable-carbon.eu\/news\/deutschland-und-frankreich-vereint-gegen-eu-agrarreform\/","title":{"rendered":"Deutschland und Frankreich: Vereint gegen EU-Agrarreform"},"content":{"rendered":"<p>Schon am Mittwoch zu Beginn der m\u00f6glicherweise ma\u00dfgeblichen Sitzung der EU-Agrarminister lie\u00df EU-Agrarkommissar Franz Fischler keine Zweifel daran offen, dass er von den Eckpunkten seiner radikalen Vorschl\u00e4ge nicht abr\u00fccken werde: &#8220;Wir k\u00f6nnen es uns nicht leisten, eine Scheinreform zu machen.&#8221; <\/p>\n<p>Zumindest die englische Delegation zeigte sich in ihrer Zustimmung weit gehend beflissen. Der ebenfalls auf Fischlers Linie liegende vorl\u00e4ufige Kompromissvorschlag der griechischen EU-Ratspr\u00e4sidentschaft stie\u00df indes bei Frankreichs Minister Herv\u00e9 Gaymard auf klare Ablehnung.<\/p>\n<p>Worin sich Bundeskanzler Gerhard Schr\u00f6der und Frankreichs Staatspr\u00e4sident Jacques Chirac einig sind: Die derzeit 40 Mrd. EUR an Agrarausgaben d\u00fcrfen ab 2006 bis 2013 nur noch inflationsangepasst steigen. <\/p>\n<p>Nachdem die beiden Politiker am Vortag in Berlin getagt hatten, war f\u00fcr Bundeslandwirtschaftsministerin Renate K\u00fcnast die gemeinsame Linie mit den franz\u00f6sischen Nachbarn sicher: &#8220;Wir haben ein besprochenes, gemeinsames deutsch-franz\u00f6sischen Vorgehen&#8221;, konstatierte K\u00fcnast in Randgespr\u00e4chen und k\u00fcndigte optimistisch eine Entscheidungsfindung an. Ohne sich allerdings in Details zu verlieren, sieht sie die Reform als Chance, besonders den \u00f6kologischen Landbau weiter voranzubringen &#8211; immerhin ein Lichtblick auch im griechischen Kompromiss.<\/p>\n<p>Deutlich beharrte Fischler auf die \u00c4nderung der Pr\u00e4mienregelung in Getreideanbau und Tierzucht. Die Agrarproduktion solle sich k\u00fcnftig eher an der realen Verbrauchernachfrage orientieren sowie von optimalem Qualit\u00e4tsmanagement getragen werden. Daf\u00fcr sollen den Landwirten Existenz sichernde Fixbetr\u00e4ge zur Verf\u00fcgung stehen.<\/p>\n<p>Nicht zuletzt die Finanzierung der zehn neuen Mitglieder im Rahmen der EU-Erweiterung erfordere K\u00fcrzungen z.B. von Beihilfen an Gro\u00dfbetriebe, denn gerade f\u00fcr den Erhalt von Arbeitspl\u00e4tzen im l\u00e4ndlichen Raum seien mehr Mittel bereitzustellen.<\/p>\n<p>Die deutsche Delegation ist von Fischlers Pl\u00e4nen zur totalen &#8220;Entkoppelung&#8221; in der Pr\u00e4mienregelung nicht begeistert und tritt gemeinsam mit den Franzosen f\u00fcr eine Kompromissl\u00f6sung ein, die vorsehen k\u00f6nnte, dass die Pr\u00e4mien f\u00fcr Rinder, Ziegen und Schafe beibehalten und lediglich die Agrarpr\u00e4mien betroffen w\u00fcrden. <\/p>\n<p>Auf Distanz gehen die beiden Regierungen offensichtlich auch zur schrittweisen K\u00fcrzung von Beihilfen f\u00fcr Gro\u00dfbetriebe (&#8220;Degression&#8221;). Dies k\u00e4me den gro\u00dfen Getreidebauern in Frankreich und Ostdeutschland entgegen. &#8220;Wir bezweifeln, das eine Degression jetzt n\u00f6tig ist&#8221;, sagte K\u00fcnast.<\/p>\n<p>(Vgl. Meldung vom <a href=\"https:\/\/renewable-carbon.eu\/news\/thalheim-bei-agrarreform-einseitige-belastungen-vermeiden\/\" >2003-01-24<\/a>.)<\/p>\n","protected":false},"excerpt":{"rendered":"<p>Schon am Mittwoch zu Beginn der m&ouml;glicherweise ma&szlig;geblichen Sitzung der EU-Agrarminister lie&szlig; EU-Agrarkommissar Franz Fischler keine Zweifel daran offen, dass er von den Eckpunkten seiner<\/p>\n","protected":false},"author":3,"featured_media":0,"comment_status":"closed","ping_status":"closed","sticky":false,"template":"","format":"standard","meta":{"_seopress_robots_primary_cat":"","nova_meta_subtitle":"","footnotes":""},"categories":[5572],"tags":[],"supplier":[],"class_list":["post-6125","post","type-post","status-publish","format-standard","hentry","category-bio-based"],"_links":{"self":[{"href":"https:\/\/renewable-carbon.eu\/news\/wp-json\/wp\/v2\/posts\/6125","targetHints":{"allow":["GET"]}}],"collection":[{"href":"https:\/\/renewable-carbon.eu\/news\/wp-json\/wp\/v2\/posts"}],"about":[{"href":"https:\/\/renewable-carbon.eu\/news\/wp-json\/wp\/v2\/types\/post"}],"author":[{"embeddable":true,"href":"https:\/\/renewable-carbon.eu\/news\/wp-json\/wp\/v2\/users\/3"}],"replies":[{"embeddable":true,"href":"https:\/\/renewable-carbon.eu\/news\/wp-json\/wp\/v2\/comments?post=6125"}],"version-history":[{"count":0,"href":"https:\/\/renewable-carbon.eu\/news\/wp-json\/wp\/v2\/posts\/6125\/revisions"}],"wp:attachment":[{"href":"https:\/\/renewable-carbon.eu\/news\/wp-json\/wp\/v2\/media?parent=6125"}],"wp:term":[{"taxonomy":"category","embeddable":true,"href":"https:\/\/renewable-carbon.eu\/news\/wp-json\/wp\/v2\/categories?post=6125"},{"taxonomy":"post_tag","embeddable":true,"href":"https:\/\/renewable-carbon.eu\/news\/wp-json\/wp\/v2\/tags?post=6125"},{"taxonomy":"supplier","embeddable":true,"href":"https:\/\/renewable-carbon.eu\/news\/wp-json\/wp\/v2\/supplier?post=6125"}],"curies":[{"name":"wp","href":"https:\/\/api.w.org\/{rel}","templated":true}]}}